{"id":323,"date":"2025-05-17T08:20:52","date_gmt":"2025-05-17T06:20:52","guid":{"rendered":"https:\/\/footstepsoffreedom.nl\/?p=323"},"modified":"2025-06-11T22:28:52","modified_gmt":"2025-06-11T20:28:52","slug":"tienda-de-campana-en-el-campo-de-tiro","status":"publish","type":"post","link":"https:\/\/footstepsoffreedom.nl\/es\/tienda-de-campana-en-el-campo-de-tiro\/","title":{"rendered":"Tienda de campa\u00f1a en el campo de tiro"},"content":{"rendered":"<p>17 de Mayo de 2024<\/p>\n<p>Me levanto para ir al ba\u00f1o y, ahora que hay luz, veo claramente d\u00f3nde puse mi tienda anoche en la oscuridad. No fue debajo de un cartel tur\u00edstico, como pensaba, sino debajo de un cartel del campo de tiro. \u00bf\u00a1Qu\u00e9!? En el cartel se explica c\u00f3mo cazar animales salvajes, y d\u00f3nde hay que disparar a un oso o a un alce. A mi alrededor hay varios carteles de advertencia que alertan sobre balas perdidas. No es precisamente el lugar ideal para acampar\u2026 Pero bueno, no escuch\u00e9 ning\u00fan disparo, as\u00ed que no ha pasado nada. Aun as\u00ed, una buena lecci\u00f3n: incluso de noche hay que leer bien los carteles, y por suerte eso va genial con la funci\u00f3n de c\u00e1mara del Traductor de Google. Sin caf\u00e9 ni desayuno, salgo r\u00e1pido a caminar, ya encontrar\u00e9 un sitio despu\u00e9s. Y s\u00ed, lo encuentro junto a un precioso lago.<\/p>\n<p>Como no pasar\u00e9 por ning\u00fan supermercado en un buen rato, ayer compr\u00e9 bastante, y lo noto en el peso del carro. Pero tambi\u00e9n estoy aprendiendo a ajustar cada vez mejor las correas que lo sujetan a mi cadera, para encontrar justo el punto de equilibrio en que se siente lo m\u00e1s ligero posible. Cada d\u00eda es diferente, seg\u00fan el peso que llevo y c\u00f3mo lo haya repartido.<\/p>\n<p>Hoy noto mi mente mucho m\u00e1s tranquila. \u00bfSer\u00e1 que ahora s\u00ed ha comenzado de verdad ese gran soltar? El clima es precioso, aunque hay algo de brisa, lo que complica un poco cocinar con el hornillo de alcohol, ya que las llamas se mueven por todos lados. Pero como ni\u00f1o mimado de la suerte que soy, justo cuando tengo hambre encuentro de casualidad un refugio que no aparece en ning\u00fan mapa. All\u00ed puedo cocinar protegido del viento y aligero el peso del carro: de la carreta al est\u00f3mago. Lavo mis utensilios en una peque\u00f1a cascada y sigo mi camino.<\/p>\n<p>Despu\u00e9s de m\u00e1s campos, un lugar para bodas y bosque, planto la tienda en un prado tranquilo. Est\u00e1 junto a un caminito, pero salvo un coche y tres ciclistas, no pasa nadie m\u00e1s.<\/p>\n<div data-carousel-extra='{&quot;blog_id&quot;:1,&quot;permalink&quot;:&quot;https:\/\/footstepsoffreedom.nl\/es\/tienda-de-campana-en-el-campo-de-tiro\/&quot;}' id='gallery-1' class='gallery galleryid-323 gallery-columns-3 gallery-size-thumbnail'><figure class='gallery-item'>\n\t\t\t<div class='gallery-icon landscape'>\n\t\t\t\t<a href='https:\/\/footstepsoffreedom.nl\/es\/tent-op-de-schietbaan\/dag-17-schietbaan\/'><img loading=\"lazy\" decoding=\"async\" width=\"150\" height=\"150\" src=\"https:\/\/footstepsoffreedom.nl\/wp-content\/uploads\/2025\/05\/dag-17-schietbaan-150x150.jpeg\" class=\"attachment-thumbnail size-thumbnail\" alt=\"\" data-attachment-id=\"815\" data-permalink=\"https:\/\/footstepsoffreedom.nl\/es\/tent-op-de-schietbaan\/dag-17-schietbaan\/\" data-orig-file=\"https:\/\/footstepsoffreedom.nl\/wp-content\/uploads\/2025\/05\/dag-17-schietbaan.jpeg\" data-orig-size=\"1600,1284\" data-comments-opened=\"1\" data-image-meta=\"{&quot;aperture&quot;:&quot;0&quot;,&quot;credit&quot;:&quot;&quot;,&quot;camera&quot;:&quot;&quot;,&quot;caption&quot;:&quot;&quot;,&quot;created_timestamp&quot;:&quot;0&quot;,&quot;copyright&quot;:&quot;&quot;,&quot;focal_length&quot;:&quot;0&quot;,&quot;iso&quot;:&quot;0&quot;,&quot;shutter_speed&quot;:&quot;0&quot;,&quot;title&quot;:&quot;&quot;,&quot;orientation&quot;:&quot;0&quot;}\" data-image-title=\"dag 17 schietbaan\" data-image-description=\"\" data-image-caption=\"\" data-large-file=\"https:\/\/footstepsoffreedom.nl\/wp-content\/uploads\/2025\/05\/dag-17-schietbaan-1024x822.jpeg\" \/><\/a>\n\t\t\t<\/div><\/figure><figure class='gallery-item'>\n\t\t\t<div class='gallery-icon portrait'>\n\t\t\t\t<a href='https:\/\/footstepsoffreedom.nl\/es\/tent-op-de-schietbaan\/dag-17-waarschuwingsbord\/'><img loading=\"lazy\" decoding=\"async\" width=\"150\" height=\"150\" src=\"https:\/\/footstepsoffreedom.nl\/wp-content\/uploads\/2025\/05\/dag-17-waarschuwingsbord-150x150.jpeg\" class=\"attachment-thumbnail size-thumbnail\" alt=\"\" data-attachment-id=\"812\" data-permalink=\"https:\/\/footstepsoffreedom.nl\/es\/tent-op-de-schietbaan\/dag-17-waarschuwingsbord\/\" data-orig-file=\"https:\/\/footstepsoffreedom.nl\/wp-content\/uploads\/2025\/05\/dag-17-waarschuwingsbord.jpeg\" data-orig-size=\"1200,1600\" data-comments-opened=\"1\" data-image-meta=\"{&quot;aperture&quot;:&quot;0&quot;,&quot;credit&quot;:&quot;&quot;,&quot;camera&quot;:&quot;&quot;,&quot;caption&quot;:&quot;&quot;,&quot;created_timestamp&quot;:&quot;0&quot;,&quot;copyright&quot;:&quot;&quot;,&quot;focal_length&quot;:&quot;0&quot;,&quot;iso&quot;:&quot;0&quot;,&quot;shutter_speed&quot;:&quot;0&quot;,&quot;title&quot;:&quot;&quot;,&quot;orientation&quot;:&quot;0&quot;}\" data-image-title=\"dag 17 waarschuwingsbord\" data-image-description=\"\" data-image-caption=\"\" data-large-file=\"https:\/\/footstepsoffreedom.nl\/wp-content\/uploads\/2025\/05\/dag-17-waarschuwingsbord-768x1024.jpeg\" \/><\/a>\n\t\t\t<\/div><\/figure><figure class='gallery-item'>\n\t\t\t<div class='gallery-icon landscape'>\n\t\t\t\t<a href='https:\/\/footstepsoffreedom.nl\/es\/tent-op-de-schietbaan\/dag-17-informatiebord\/'><img loading=\"lazy\" decoding=\"async\" width=\"150\" height=\"150\" src=\"https:\/\/footstepsoffreedom.nl\/wp-content\/uploads\/2025\/05\/dag-17-informatiebord-150x150.jpeg\" class=\"attachment-thumbnail size-thumbnail\" alt=\"\" data-attachment-id=\"814\" data-permalink=\"https:\/\/footstepsoffreedom.nl\/es\/tent-op-de-schietbaan\/dag-17-informatiebord\/\" data-orig-file=\"https:\/\/footstepsoffreedom.nl\/wp-content\/uploads\/2025\/05\/dag-17-informatiebord.jpeg\" data-orig-size=\"1600,1200\" data-comments-opened=\"1\" data-image-meta=\"{&quot;aperture&quot;:&quot;0&quot;,&quot;credit&quot;:&quot;&quot;,&quot;camera&quot;:&quot;&quot;,&quot;caption&quot;:&quot;&quot;,&quot;created_timestamp&quot;:&quot;0&quot;,&quot;copyright&quot;:&quot;&quot;,&quot;focal_length&quot;:&quot;0&quot;,&quot;iso&quot;:&quot;0&quot;,&quot;shutter_speed&quot;:&quot;0&quot;,&quot;title&quot;:&quot;&quot;,&quot;orientation&quot;:&quot;0&quot;}\" data-image-title=\"dag 17 informatiebord\" data-image-description=\"\" data-image-caption=\"\" data-large-file=\"https:\/\/footstepsoffreedom.nl\/wp-content\/uploads\/2025\/05\/dag-17-informatiebord-1024x768.jpeg\" \/><\/a>\n\t\t\t<\/div><\/figure><figure class='gallery-item'>\n\t\t\t<div class='gallery-icon portrait'>\n\t\t\t\t<a href='https:\/\/footstepsoffreedom.nl\/es\/tent-op-de-schietbaan\/dag-17-beer\/'><img loading=\"lazy\" decoding=\"async\" width=\"150\" height=\"150\" src=\"https:\/\/footstepsoffreedom.nl\/wp-content\/uploads\/2025\/05\/dag-17-beer-150x150.jpeg\" class=\"attachment-thumbnail size-thumbnail\" alt=\"\" data-attachment-id=\"813\" data-permalink=\"https:\/\/footstepsoffreedom.nl\/es\/tent-op-de-schietbaan\/dag-17-beer\/\" data-orig-file=\"https:\/\/footstepsoffreedom.nl\/wp-content\/uploads\/2025\/05\/dag-17-beer.jpeg\" data-orig-size=\"1200,1600\" data-comments-opened=\"1\" data-image-meta=\"{&quot;aperture&quot;:&quot;0&quot;,&quot;credit&quot;:&quot;&quot;,&quot;camera&quot;:&quot;&quot;,&quot;caption&quot;:&quot;&quot;,&quot;created_timestamp&quot;:&quot;0&quot;,&quot;copyright&quot;:&quot;&quot;,&quot;focal_length&quot;:&quot;0&quot;,&quot;iso&quot;:&quot;0&quot;,&quot;shutter_speed&quot;:&quot;0&quot;,&quot;title&quot;:&quot;&quot;,&quot;orientation&quot;:&quot;0&quot;}\" data-image-title=\"dag 17 beer\" data-image-description=\"\" data-image-caption=\"\" data-large-file=\"https:\/\/footstepsoffreedom.nl\/wp-content\/uploads\/2025\/05\/dag-17-beer-768x1024.jpeg\" \/><\/a>\n\t\t\t<\/div><\/figure><figure class='gallery-item'>\n\t\t\t<div class='gallery-icon landscape'>\n\t\t\t\t<a href='https:\/\/footstepsoffreedom.nl\/es\/tent-op-de-schietbaan\/dag-17-bos\/'><img loading=\"lazy\" decoding=\"async\" width=\"150\" height=\"150\" src=\"https:\/\/footstepsoffreedom.nl\/wp-content\/uploads\/2025\/05\/dag-17-bos-150x150.jpeg\" class=\"attachment-thumbnail size-thumbnail\" alt=\"\" data-attachment-id=\"811\" data-permalink=\"https:\/\/footstepsoffreedom.nl\/es\/tent-op-de-schietbaan\/dag-17-bos\/\" data-orig-file=\"https:\/\/footstepsoffreedom.nl\/wp-content\/uploads\/2025\/05\/dag-17-bos.jpeg\" data-orig-size=\"1600,1200\" data-comments-opened=\"1\" data-image-meta=\"{&quot;aperture&quot;:&quot;0&quot;,&quot;credit&quot;:&quot;&quot;,&quot;camera&quot;:&quot;&quot;,&quot;caption&quot;:&quot;&quot;,&quot;created_timestamp&quot;:&quot;0&quot;,&quot;copyright&quot;:&quot;&quot;,&quot;focal_length&quot;:&quot;0&quot;,&quot;iso&quot;:&quot;0&quot;,&quot;shutter_speed&quot;:&quot;0&quot;,&quot;title&quot;:&quot;&quot;,&quot;orientation&quot;:&quot;0&quot;}\" data-image-title=\"dag 17 bos\" data-image-description=\"\" data-image-caption=\"\" data-large-file=\"https:\/\/footstepsoffreedom.nl\/wp-content\/uploads\/2025\/05\/dag-17-bos-1024x768.jpeg\" \/><\/a>\n\t\t\t<\/div><\/figure><figure class='gallery-item'>\n\t\t\t<div class='gallery-icon landscape'>\n\t\t\t\t<a href='https:\/\/footstepsoffreedom.nl\/es\/tent-op-de-schietbaan\/dag-17-meer-en-huisje\/'><img loading=\"lazy\" decoding=\"async\" width=\"150\" height=\"150\" src=\"https:\/\/footstepsoffreedom.nl\/wp-content\/uploads\/2025\/05\/dag-17-meer-en-huisje-150x150.jpeg\" class=\"attachment-thumbnail size-thumbnail\" alt=\"\" data-attachment-id=\"808\" data-permalink=\"https:\/\/footstepsoffreedom.nl\/es\/tent-op-de-schietbaan\/dag-17-meer-en-huisje\/\" data-orig-file=\"https:\/\/footstepsoffreedom.nl\/wp-content\/uploads\/2025\/05\/dag-17-meer-en-huisje.jpeg\" data-orig-size=\"1600,1200\" data-comments-opened=\"1\" data-image-meta=\"{&quot;aperture&quot;:&quot;0&quot;,&quot;credit&quot;:&quot;&quot;,&quot;camera&quot;:&quot;&quot;,&quot;caption&quot;:&quot;&quot;,&quot;created_timestamp&quot;:&quot;0&quot;,&quot;copyright&quot;:&quot;&quot;,&quot;focal_length&quot;:&quot;0&quot;,&quot;iso&quot;:&quot;0&quot;,&quot;shutter_speed&quot;:&quot;0&quot;,&quot;title&quot;:&quot;&quot;,&quot;orientation&quot;:&quot;0&quot;}\" data-image-title=\"dag 17 meer en huisje\" data-image-description=\"\" data-image-caption=\"\" data-large-file=\"https:\/\/footstepsoffreedom.nl\/wp-content\/uploads\/2025\/05\/dag-17-meer-en-huisje-1024x768.jpeg\" \/><\/a>\n\t\t\t<\/div><\/figure><figure class='gallery-item'>\n\t\t\t<div class='gallery-icon landscape'>\n\t\t\t\t<a href='https:\/\/footstepsoffreedom.nl\/es\/tent-op-de-schietbaan\/dag-17-huisjes\/'><img loading=\"lazy\" decoding=\"async\" width=\"150\" height=\"150\" src=\"https:\/\/footstepsoffreedom.nl\/wp-content\/uploads\/2025\/05\/dag-17-huisjes-150x150.jpeg\" class=\"attachment-thumbnail size-thumbnail\" alt=\"\" data-attachment-id=\"807\" data-permalink=\"https:\/\/footstepsoffreedom.nl\/es\/tent-op-de-schietbaan\/dag-17-huisjes\/\" data-orig-file=\"https:\/\/footstepsoffreedom.nl\/wp-content\/uploads\/2025\/05\/dag-17-huisjes.jpeg\" data-orig-size=\"1600,1200\" data-comments-opened=\"1\" data-image-meta=\"{&quot;aperture&quot;:&quot;0&quot;,&quot;credit&quot;:&quot;&quot;,&quot;camera&quot;:&quot;&quot;,&quot;caption&quot;:&quot;&quot;,&quot;created_timestamp&quot;:&quot;0&quot;,&quot;copyright&quot;:&quot;&quot;,&quot;focal_length&quot;:&quot;0&quot;,&quot;iso&quot;:&quot;0&quot;,&quot;shutter_speed&quot;:&quot;0&quot;,&quot;title&quot;:&quot;&quot;,&quot;orientation&quot;:&quot;0&quot;}\" data-image-title=\"dag 17 huisjes\" data-image-description=\"\" data-image-caption=\"\" data-large-file=\"https:\/\/footstepsoffreedom.nl\/wp-content\/uploads\/2025\/05\/dag-17-huisjes-1024x768.jpeg\" \/><\/a>\n\t\t\t<\/div><\/figure><figure class='gallery-item'>\n\t\t\t<div class='gallery-icon landscape'>\n\t\t\t\t<a href='https:\/\/footstepsoffreedom.nl\/es\/tent-op-de-schietbaan\/dag-17-kasteel\/'><img loading=\"lazy\" decoding=\"async\" width=\"150\" height=\"150\" src=\"https:\/\/footstepsoffreedom.nl\/wp-content\/uploads\/2025\/05\/dag-17-kasteel-150x150.jpeg\" class=\"attachment-thumbnail size-thumbnail\" alt=\"\" data-attachment-id=\"805\" data-permalink=\"https:\/\/footstepsoffreedom.nl\/es\/tent-op-de-schietbaan\/dag-17-kasteel\/\" data-orig-file=\"https:\/\/footstepsoffreedom.nl\/wp-content\/uploads\/2025\/05\/dag-17-kasteel.jpeg\" data-orig-size=\"1600,1200\" data-comments-opened=\"1\" data-image-meta=\"{&quot;aperture&quot;:&quot;0&quot;,&quot;credit&quot;:&quot;&quot;,&quot;camera&quot;:&quot;&quot;,&quot;caption&quot;:&quot;&quot;,&quot;created_timestamp&quot;:&quot;0&quot;,&quot;copyright&quot;:&quot;&quot;,&quot;focal_length&quot;:&quot;0&quot;,&quot;iso&quot;:&quot;0&quot;,&quot;shutter_speed&quot;:&quot;0&quot;,&quot;title&quot;:&quot;&quot;,&quot;orientation&quot;:&quot;0&quot;}\" data-image-title=\"dag 17 kasteel\" data-image-description=\"\" data-image-caption=\"\" data-large-file=\"https:\/\/footstepsoffreedom.nl\/wp-content\/uploads\/2025\/05\/dag-17-kasteel-1024x768.jpeg\" \/><\/a>\n\t\t\t<\/div><\/figure><figure class='gallery-item'>\n\t\t\t<div class='gallery-icon portrait'>\n\t\t\t\t<a href='https:\/\/footstepsoffreedom.nl\/es\/tent-op-de-schietbaan\/dag-17-kerk-en-huizen\/'><img loading=\"lazy\" decoding=\"async\" width=\"150\" height=\"150\" src=\"https:\/\/footstepsoffreedom.nl\/wp-content\/uploads\/2025\/05\/dag-17-kerk-en-huizen-150x150.jpeg\" class=\"attachment-thumbnail size-thumbnail\" alt=\"\" data-attachment-id=\"803\" data-permalink=\"https:\/\/footstepsoffreedom.nl\/es\/tent-op-de-schietbaan\/dag-17-kerk-en-huizen\/\" data-orig-file=\"https:\/\/footstepsoffreedom.nl\/wp-content\/uploads\/2025\/05\/dag-17-kerk-en-huizen.jpeg\" data-orig-size=\"1060,1302\" data-comments-opened=\"1\" data-image-meta=\"{&quot;aperture&quot;:&quot;0&quot;,&quot;credit&quot;:&quot;&quot;,&quot;camera&quot;:&quot;&quot;,&quot;caption&quot;:&quot;&quot;,&quot;created_timestamp&quot;:&quot;0&quot;,&quot;copyright&quot;:&quot;&quot;,&quot;focal_length&quot;:&quot;0&quot;,&quot;iso&quot;:&quot;0&quot;,&quot;shutter_speed&quot;:&quot;0&quot;,&quot;title&quot;:&quot;&quot;,&quot;orientation&quot;:&quot;0&quot;}\" data-image-title=\"dag 17 kerk en huizen\" data-image-description=\"\" data-image-caption=\"\" data-large-file=\"https:\/\/footstepsoffreedom.nl\/wp-content\/uploads\/2025\/05\/dag-17-kerk-en-huizen-834x1024.jpeg\" \/><\/a>\n\t\t\t<\/div><\/figure><figure class='gallery-item'>\n\t\t\t<div class='gallery-icon landscape'>\n\t\t\t\t<a href='https:\/\/footstepsoffreedom.nl\/es\/tent-op-de-schietbaan\/dag-17-kerk\/'><img loading=\"lazy\" decoding=\"async\" width=\"150\" height=\"150\" src=\"https:\/\/footstepsoffreedom.nl\/wp-content\/uploads\/2025\/05\/dag-17-kerk-150x150.jpeg\" class=\"attachment-thumbnail size-thumbnail\" alt=\"\" data-attachment-id=\"802\" data-permalink=\"https:\/\/footstepsoffreedom.nl\/es\/tent-op-de-schietbaan\/dag-17-kerk\/\" data-orig-file=\"https:\/\/footstepsoffreedom.nl\/wp-content\/uploads\/2025\/05\/dag-17-kerk.jpeg\" data-orig-size=\"1600,1200\" data-comments-opened=\"1\" data-image-meta=\"{&quot;aperture&quot;:&quot;0&quot;,&quot;credit&quot;:&quot;&quot;,&quot;camera&quot;:&quot;&quot;,&quot;caption&quot;:&quot;&quot;,&quot;created_timestamp&quot;:&quot;0&quot;,&quot;copyright&quot;:&quot;&quot;,&quot;focal_length&quot;:&quot;0&quot;,&quot;iso&quot;:&quot;0&quot;,&quot;shutter_speed&quot;:&quot;0&quot;,&quot;title&quot;:&quot;&quot;,&quot;orientation&quot;:&quot;0&quot;}\" data-image-title=\"dag 17 kerk\" data-image-description=\"\" data-image-caption=\"\" data-large-file=\"https:\/\/footstepsoffreedom.nl\/wp-content\/uploads\/2025\/05\/dag-17-kerk-1024x768.jpeg\" \/><\/a>\n\t\t\t<\/div><\/figure><figure class='gallery-item'>\n\t\t\t<div class='gallery-icon portrait'>\n\t\t\t\t<a href='https:\/\/footstepsoffreedom.nl\/es\/tent-op-de-schietbaan\/dag-17-pluimpjes\/'><img loading=\"lazy\" decoding=\"async\" width=\"150\" height=\"150\" src=\"https:\/\/footstepsoffreedom.nl\/wp-content\/uploads\/2025\/05\/dag-17-pluimpjes-150x150.jpeg\" class=\"attachment-thumbnail size-thumbnail\" alt=\"\" data-attachment-id=\"801\" data-permalink=\"https:\/\/footstepsoffreedom.nl\/es\/tent-op-de-schietbaan\/dag-17-pluimpjes\/\" data-orig-file=\"https:\/\/footstepsoffreedom.nl\/wp-content\/uploads\/2025\/05\/dag-17-pluimpjes.jpeg\" data-orig-size=\"1152,1600\" data-comments-opened=\"1\" data-image-meta=\"{&quot;aperture&quot;:&quot;0&quot;,&quot;credit&quot;:&quot;&quot;,&quot;camera&quot;:&quot;&quot;,&quot;caption&quot;:&quot;&quot;,&quot;created_timestamp&quot;:&quot;0&quot;,&quot;copyright&quot;:&quot;&quot;,&quot;focal_length&quot;:&quot;0&quot;,&quot;iso&quot;:&quot;0&quot;,&quot;shutter_speed&quot;:&quot;0&quot;,&quot;title&quot;:&quot;&quot;,&quot;orientation&quot;:&quot;0&quot;}\" data-image-title=\"dag 17 pluimpjes\" data-image-description=\"\" data-image-caption=\"\" data-large-file=\"https:\/\/footstepsoffreedom.nl\/wp-content\/uploads\/2025\/05\/dag-17-pluimpjes-737x1024.jpeg\" \/><\/a>\n\t\t\t<\/div><\/figure><figure class='gallery-item'>\n\t\t\t<div class='gallery-icon portrait'>\n\t\t\t\t<a href='https:\/\/footstepsoffreedom.nl\/es\/tent-op-de-schietbaan\/dag-17-bloempjes\/'><img loading=\"lazy\" decoding=\"async\" width=\"150\" height=\"150\" src=\"https:\/\/footstepsoffreedom.nl\/wp-content\/uploads\/2025\/05\/dag-17-bloempjes-e1748095757777-150x150.jpeg\" class=\"attachment-thumbnail size-thumbnail\" alt=\"\" data-attachment-id=\"800\" data-permalink=\"https:\/\/footstepsoffreedom.nl\/es\/tent-op-de-schietbaan\/dag-17-bloempjes\/\" data-orig-file=\"https:\/\/footstepsoffreedom.nl\/wp-content\/uploads\/2025\/05\/dag-17-bloempjes-e1748095757777.jpeg\" data-orig-size=\"942,1157\" data-comments-opened=\"1\" data-image-meta=\"{&quot;aperture&quot;:&quot;0&quot;,&quot;credit&quot;:&quot;&quot;,&quot;camera&quot;:&quot;&quot;,&quot;caption&quot;:&quot;&quot;,&quot;created_timestamp&quot;:&quot;0&quot;,&quot;copyright&quot;:&quot;&quot;,&quot;focal_length&quot;:&quot;0&quot;,&quot;iso&quot;:&quot;0&quot;,&quot;shutter_speed&quot;:&quot;0&quot;,&quot;title&quot;:&quot;&quot;,&quot;orientation&quot;:&quot;0&quot;}\" data-image-title=\"dag 17 bloempjes\" data-image-description=\"\" data-image-caption=\"\" data-large-file=\"https:\/\/footstepsoffreedom.nl\/wp-content\/uploads\/2025\/05\/dag-17-bloempjes-e1748095757777-834x1024.jpeg\" \/><\/a>\n\t\t\t<\/div><\/figure><figure class='gallery-item'>\n\t\t\t<div class='gallery-icon landscape'>\n\t\t\t\t<a href='https:\/\/footstepsoffreedom.nl\/es\/tent-op-de-schietbaan\/dag-17-route\/'><img loading=\"lazy\" decoding=\"async\" width=\"150\" height=\"150\" src=\"https:\/\/footstepsoffreedom.nl\/wp-content\/uploads\/2025\/05\/dag-17-route-150x150.jpeg\" class=\"attachment-thumbnail size-thumbnail\" alt=\"\" data-attachment-id=\"799\" data-permalink=\"https:\/\/footstepsoffreedom.nl\/es\/tent-op-de-schietbaan\/dag-17-route\/\" data-orig-file=\"https:\/\/footstepsoffreedom.nl\/wp-content\/uploads\/2025\/05\/dag-17-route.jpeg\" data-orig-size=\"1600,1208\" data-comments-opened=\"1\" data-image-meta=\"{&quot;aperture&quot;:&quot;0&quot;,&quot;credit&quot;:&quot;&quot;,&quot;camera&quot;:&quot;&quot;,&quot;caption&quot;:&quot;&quot;,&quot;created_timestamp&quot;:&quot;0&quot;,&quot;copyright&quot;:&quot;&quot;,&quot;focal_length&quot;:&quot;0&quot;,&quot;iso&quot;:&quot;0&quot;,&quot;shutter_speed&quot;:&quot;0&quot;,&quot;title&quot;:&quot;&quot;,&quot;orientation&quot;:&quot;0&quot;}\" data-image-title=\"dag 17 route\" data-image-description=\"\" data-image-caption=\"\" data-large-file=\"https:\/\/footstepsoffreedom.nl\/wp-content\/uploads\/2025\/05\/dag-17-route-1024x773.jpeg\" \/><\/a>\n\t\t\t<\/div><\/figure><figure class='gallery-item'>\n\t\t\t<div class='gallery-icon portrait'>\n\t\t\t\t<a href='https:\/\/footstepsoffreedom.nl\/es\/tent-op-de-schietbaan\/dag-17-huis-in-zon\/'><img loading=\"lazy\" decoding=\"async\" width=\"150\" height=\"150\" src=\"https:\/\/footstepsoffreedom.nl\/wp-content\/uploads\/2025\/05\/dag-17-huis-in-zon-150x150.jpeg\" class=\"attachment-thumbnail size-thumbnail\" alt=\"\" data-attachment-id=\"798\" data-permalink=\"https:\/\/footstepsoffreedom.nl\/es\/tent-op-de-schietbaan\/dag-17-huis-in-zon\/\" data-orig-file=\"https:\/\/footstepsoffreedom.nl\/wp-content\/uploads\/2025\/05\/dag-17-huis-in-zon.jpeg\" data-orig-size=\"1497,1600\" data-comments-opened=\"1\" data-image-meta=\"{&quot;aperture&quot;:&quot;0&quot;,&quot;credit&quot;:&quot;&quot;,&quot;camera&quot;:&quot;&quot;,&quot;caption&quot;:&quot;&quot;,&quot;created_timestamp&quot;:&quot;0&quot;,&quot;copyright&quot;:&quot;&quot;,&quot;focal_length&quot;:&quot;0&quot;,&quot;iso&quot;:&quot;0&quot;,&quot;shutter_speed&quot;:&quot;0&quot;,&quot;title&quot;:&quot;&quot;,&quot;orientation&quot;:&quot;0&quot;}\" data-image-title=\"dag 17 huis in zon\" data-image-description=\"\" data-image-caption=\"\" data-large-file=\"https:\/\/footstepsoffreedom.nl\/wp-content\/uploads\/2025\/05\/dag-17-huis-in-zon-958x1024.jpeg\" \/><\/a>\n\t\t\t<\/div><\/figure><figure class='gallery-item'>\n\t\t\t<div class='gallery-icon portrait'>\n\t\t\t\t<a href='https:\/\/footstepsoffreedom.nl\/es\/tent-op-de-schietbaan\/dag-17-saaie-weg\/'><img loading=\"lazy\" decoding=\"async\" width=\"150\" height=\"150\" src=\"https:\/\/footstepsoffreedom.nl\/wp-content\/uploads\/2025\/05\/dag-17-saaie-weg-150x150.jpeg\" class=\"attachment-thumbnail size-thumbnail\" alt=\"\" data-attachment-id=\"797\" data-permalink=\"https:\/\/footstepsoffreedom.nl\/es\/tent-op-de-schietbaan\/dag-17-saaie-weg\/\" data-orig-file=\"https:\/\/footstepsoffreedom.nl\/wp-content\/uploads\/2025\/05\/dag-17-saaie-weg.jpeg\" data-orig-size=\"1200,1600\" data-comments-opened=\"1\" data-image-meta=\"{&quot;aperture&quot;:&quot;0&quot;,&quot;credit&quot;:&quot;&quot;,&quot;camera&quot;:&quot;&quot;,&quot;caption&quot;:&quot;&quot;,&quot;created_timestamp&quot;:&quot;0&quot;,&quot;copyright&quot;:&quot;&quot;,&quot;focal_length&quot;:&quot;0&quot;,&quot;iso&quot;:&quot;0&quot;,&quot;shutter_speed&quot;:&quot;0&quot;,&quot;title&quot;:&quot;&quot;,&quot;orientation&quot;:&quot;0&quot;}\" data-image-title=\"dag 17 saaie weg\" data-image-description=\"\" data-image-caption=\"\" data-large-file=\"https:\/\/footstepsoffreedom.nl\/wp-content\/uploads\/2025\/05\/dag-17-saaie-weg-768x1024.jpeg\" \/><\/a>\n\t\t\t<\/div><\/figure><figure class='gallery-item'>\n\t\t\t<div class='gallery-icon portrait'>\n\t\t\t\t<a href='https:\/\/footstepsoffreedom.nl\/es\/tent-op-de-schietbaan\/dag-17-tent\/'><img loading=\"lazy\" decoding=\"async\" width=\"150\" height=\"150\" src=\"https:\/\/footstepsoffreedom.nl\/wp-content\/uploads\/2025\/05\/dag-17-tent-150x150.jpeg\" class=\"attachment-thumbnail size-thumbnail\" alt=\"\" data-attachment-id=\"796\" data-permalink=\"https:\/\/footstepsoffreedom.nl\/es\/tent-op-de-schietbaan\/dag-17-tent\/\" data-orig-file=\"https:\/\/footstepsoffreedom.nl\/wp-content\/uploads\/2025\/05\/dag-17-tent.jpeg\" data-orig-size=\"1200,1600\" data-comments-opened=\"1\" data-image-meta=\"{&quot;aperture&quot;:&quot;0&quot;,&quot;credit&quot;:&quot;&quot;,&quot;camera&quot;:&quot;&quot;,&quot;caption&quot;:&quot;&quot;,&quot;created_timestamp&quot;:&quot;0&quot;,&quot;copyright&quot;:&quot;&quot;,&quot;focal_length&quot;:&quot;0&quot;,&quot;iso&quot;:&quot;0&quot;,&quot;shutter_speed&quot;:&quot;0&quot;,&quot;title&quot;:&quot;&quot;,&quot;orientation&quot;:&quot;0&quot;}\" data-image-title=\"dag 17 tent\" data-image-description=\"\" data-image-caption=\"\" data-large-file=\"https:\/\/footstepsoffreedom.nl\/wp-content\/uploads\/2025\/05\/dag-17-tent-768x1024.jpeg\" \/><\/a>\n\t\t\t<\/div><\/figure>\n\t\t<\/div>\n\n","protected":false},"excerpt":{"rendered":"<p>17 de Mayo de 2024 Me levanto para ir al ba\u00f1o y, ahora que hay luz, veo claramente d\u00f3nde puse mi tienda anoche en la oscuridad. No fue debajo de un cartel tur\u00edstico, como pensaba,&hellip; <a href=\"https:\/\/footstepsoffreedom.nl\/es\/tienda-de-campana-en-el-campo-de-tiro\/\">M\u00e1s<\/a><\/p>\n","protected":false},"author":2,"featured_media":809,"comment_status":"open","ping_status":"open","sticky":false,"template":"","format":"standard","meta":{"inline_featured_image":false,"jetpack_post_was_ever_published":true,"_jetpack_newsletter_access":"","_jetpack_dont_email_post_to_subs":false,"_jetpack_newsletter_tier_id":0,"_jetpack_memberships_contains_paywalled_content":false,"_jetpack_memberships_contains_paid_content":false,"footnotes":"","jetpack_publicize_message":"","jetpack_publicize_feature_enabled":true,"jetpack_social_post_already_shared":true,"jetpack_social_options":{"image_generator_settings":{"template":"highway","default_image_id":0,"font":"","enabled":false},"version":2}},"categories":[11],"tags":[123,166,100,201,57,61],"class_list":["post-323","post","type-post","status-publish","format-standard","has-post-thumbnail","hentry","category-blogs-es","tag-acampada-libre","tag-blogs-esp","tag-sabatico-2024","tag-saint-birgitta","tag-suecia","tag-wheelie-es"],"yoast_head":"<!-- This site is optimized with the Yoast SEO plugin v27.5 - https:\/\/yoast.com\/product\/yoast-seo-wordpress\/ -->\n<title>Tienda de campa\u00f1a en el campo de tiro - FOOTSTEPS OF FREEDOM<\/title>\n<meta name=\"robots\" content=\"index, follow, max-snippet:-1, max-image-preview:large, max-video-preview:-1\" \/>\n<link rel=\"canonical\" href=\"https:\/\/footstepsoffreedom.nl\/es\/tienda-de-campana-en-el-campo-de-tiro\/\" \/>\n<meta property=\"og:locale\" content=\"es_ES\" \/>\n<meta property=\"og:type\" content=\"article\" \/>\n<meta property=\"og:title\" content=\"Tienda de campa\u00f1a en el campo de tiro - FOOTSTEPS OF FREEDOM\" \/>\n<meta property=\"og:description\" content=\"17 de Mayo de 2024 Me levanto para ir al ba\u00f1o y, ahora que hay luz, veo claramente d\u00f3nde puse mi tienda anoche en la oscuridad. No fue debajo de un cartel tur\u00edstico, como pensaba,&hellip; M\u00e1s\" \/>\n<meta property=\"og:url\" content=\"https:\/\/footstepsoffreedom.nl\/es\/tienda-de-campana-en-el-campo-de-tiro\/\" \/>\n<meta property=\"og:site_name\" content=\"FOOTSTEPS OF FREEDOM\" \/>\n<meta property=\"article:published_time\" content=\"2025-05-17T06:20:52+00:00\" \/>\n<meta property=\"article:modified_time\" content=\"2025-06-11T20:28:52+00:00\" \/>\n<meta property=\"og:image\" content=\"https:\/\/footstepsoffreedom.nl\/wp-content\/uploads\/2025\/05\/dag-17-halelujah.jpeg\" \/>\n\t<meta property=\"og:image:width\" content=\"1059\" \/>\n\t<meta property=\"og:image:height\" content=\"1600\" \/>\n\t<meta property=\"og:image:type\" content=\"image\/jpeg\" \/>\n<meta name=\"author\" content=\"Marnix van der Lijn\" \/>\n<meta name=\"twitter:card\" content=\"summary_large_image\" \/>\n<meta name=\"twitter:label1\" content=\"Escrito por\" \/>\n\t<meta name=\"twitter:data1\" content=\"Marnix van der Lijn\" \/>\n\t<meta name=\"twitter:label2\" content=\"Tiempo de lectura\" \/>\n\t<meta name=\"twitter:data2\" content=\"2 minutos\" \/>\n<script type=\"application\/ld+json\" class=\"yoast-schema-graph\">{\"@context\":\"https:\\\/\\\/schema.org\",\"@graph\":[{\"@type\":\"Article\",\"@id\":\"https:\\\/\\\/footstepsoffreedom.nl\\\/es\\\/tienda-de-campana-en-el-campo-de-tiro\\\/#article\",\"isPartOf\":{\"@id\":\"https:\\\/\\\/footstepsoffreedom.nl\\\/es\\\/tienda-de-campana-en-el-campo-de-tiro\\\/\"},\"author\":{\"name\":\"Marnix van der Lijn\",\"@id\":\"https:\\\/\\\/footstepsoffreedom.nl\\\/es\\\/#\\\/schema\\\/person\\\/3378b8c210d8e714eabad2dc1764e0db\"},\"headline\":\"Tienda de campa\u00f1a en el campo de tiro\",\"datePublished\":\"2025-05-17T06:20:52+00:00\",\"dateModified\":\"2025-06-11T20:28:52+00:00\",\"mainEntityOfPage\":{\"@id\":\"https:\\\/\\\/footstepsoffreedom.nl\\\/es\\\/tienda-de-campana-en-el-campo-de-tiro\\\/\"},\"wordCount\":385,\"commentCount\":0,\"publisher\":{\"@id\":\"https:\\\/\\\/footstepsoffreedom.nl\\\/es\\\/#\\\/schema\\\/person\\\/3378b8c210d8e714eabad2dc1764e0db\"},\"image\":{\"@id\":\"https:\\\/\\\/footstepsoffreedom.nl\\\/es\\\/tienda-de-campana-en-el-campo-de-tiro\\\/#primaryimage\"},\"thumbnailUrl\":\"https:\\\/\\\/footstepsoffreedom.nl\\\/wp-content\\\/uploads\\\/2025\\\/05\\\/dag-17-halelujah.jpeg\",\"keywords\":[\"Acampada libre\",\"Blogs ESP\",\"Sab\u00e1tico 2024\",\"Saint Birgitta\",\"Suecia\",\"Wheelie\"],\"articleSection\":[\"Blogs ESP\"],\"inLanguage\":\"es\",\"potentialAction\":[{\"@type\":\"CommentAction\",\"name\":\"Comment\",\"target\":[\"https:\\\/\\\/footstepsoffreedom.nl\\\/es\\\/tienda-de-campana-en-el-campo-de-tiro\\\/#respond\"]}]},{\"@type\":\"WebPage\",\"@id\":\"https:\\\/\\\/footstepsoffreedom.nl\\\/es\\\/tienda-de-campana-en-el-campo-de-tiro\\\/\",\"url\":\"https:\\\/\\\/footstepsoffreedom.nl\\\/es\\\/tienda-de-campana-en-el-campo-de-tiro\\\/\",\"name\":\"Tienda de campa\u00f1a en el campo de tiro - FOOTSTEPS OF FREEDOM\",\"isPartOf\":{\"@id\":\"https:\\\/\\\/footstepsoffreedom.nl\\\/es\\\/#website\"},\"primaryImageOfPage\":{\"@id\":\"https:\\\/\\\/footstepsoffreedom.nl\\\/es\\\/tienda-de-campana-en-el-campo-de-tiro\\\/#primaryimage\"},\"image\":{\"@id\":\"https:\\\/\\\/footstepsoffreedom.nl\\\/es\\\/tienda-de-campana-en-el-campo-de-tiro\\\/#primaryimage\"},\"thumbnailUrl\":\"https:\\\/\\\/footstepsoffreedom.nl\\\/wp-content\\\/uploads\\\/2025\\\/05\\\/dag-17-halelujah.jpeg\",\"datePublished\":\"2025-05-17T06:20:52+00:00\",\"dateModified\":\"2025-06-11T20:28:52+00:00\",\"breadcrumb\":{\"@id\":\"https:\\\/\\\/footstepsoffreedom.nl\\\/es\\\/tienda-de-campana-en-el-campo-de-tiro\\\/#breadcrumb\"},\"inLanguage\":\"es\",\"potentialAction\":[{\"@type\":\"ReadAction\",\"target\":[\"https:\\\/\\\/footstepsoffreedom.nl\\\/es\\\/tienda-de-campana-en-el-campo-de-tiro\\\/\"]}]},{\"@type\":\"ImageObject\",\"inLanguage\":\"es\",\"@id\":\"https:\\\/\\\/footstepsoffreedom.nl\\\/es\\\/tienda-de-campana-en-el-campo-de-tiro\\\/#primaryimage\",\"url\":\"https:\\\/\\\/footstepsoffreedom.nl\\\/wp-content\\\/uploads\\\/2025\\\/05\\\/dag-17-halelujah.jpeg\",\"contentUrl\":\"https:\\\/\\\/footstepsoffreedom.nl\\\/wp-content\\\/uploads\\\/2025\\\/05\\\/dag-17-halelujah.jpeg\",\"width\":1059,\"height\":1600},{\"@type\":\"BreadcrumbList\",\"@id\":\"https:\\\/\\\/footstepsoffreedom.nl\\\/es\\\/tienda-de-campana-en-el-campo-de-tiro\\\/#breadcrumb\",\"itemListElement\":[{\"@type\":\"ListItem\",\"position\":1,\"name\":\"Home\",\"item\":\"https:\\\/\\\/footstepsoffreedom.nl\\\/es\\\/\"},{\"@type\":\"ListItem\",\"position\":2,\"name\":\"Tienda de campa\u00f1a en el campo de tiro\"}]},{\"@type\":\"WebSite\",\"@id\":\"https:\\\/\\\/footstepsoffreedom.nl\\\/es\\\/#website\",\"url\":\"https:\\\/\\\/footstepsoffreedom.nl\\\/es\\\/\",\"name\":\"FOOTSTEPS OF FREEDOM\",\"description\":\"Hiking &amp; writing\",\"publisher\":{\"@id\":\"https:\\\/\\\/footstepsoffreedom.nl\\\/es\\\/#\\\/schema\\\/person\\\/3378b8c210d8e714eabad2dc1764e0db\"},\"potentialAction\":[{\"@type\":\"SearchAction\",\"target\":{\"@type\":\"EntryPoint\",\"urlTemplate\":\"https:\\\/\\\/footstepsoffreedom.nl\\\/es\\\/?s={search_term_string}\"},\"query-input\":{\"@type\":\"PropertyValueSpecification\",\"valueRequired\":true,\"valueName\":\"search_term_string\"}}],\"inLanguage\":\"es\"},{\"@type\":[\"Person\",\"Organization\"],\"@id\":\"https:\\\/\\\/footstepsoffreedom.nl\\\/es\\\/#\\\/schema\\\/person\\\/3378b8c210d8e714eabad2dc1764e0db\",\"name\":\"Marnix van der Lijn\",\"image\":{\"@type\":\"ImageObject\",\"inLanguage\":\"es\",\"@id\":\"https:\\\/\\\/footstepsoffreedom.nl\\\/wp-content\\\/uploads\\\/2025\\\/05\\\/logo_fof.svg\",\"url\":\"https:\\\/\\\/footstepsoffreedom.nl\\\/wp-content\\\/uploads\\\/2025\\\/05\\\/logo_fof.svg\",\"contentUrl\":\"https:\\\/\\\/footstepsoffreedom.nl\\\/wp-content\\\/uploads\\\/2025\\\/05\\\/logo_fof.svg\",\"width\":1160,\"height\":250,\"caption\":\"Marnix van der Lijn\"},\"logo\":{\"@id\":\"https:\\\/\\\/footstepsoffreedom.nl\\\/wp-content\\\/uploads\\\/2025\\\/05\\\/logo_fof.svg\"},\"description\":\"Ik ben Marnix (1964), schrijver, langeafstandswandelaar en minimalist in hart en nieren. Na een loopbaan in de commerci\u00eble wereld, coaching en training, en jarenlange inzet in de vluchtelingenopvang, koos ik op mijn zestigste voor een radicale wending: ik gaf mezelf een sabbatical en trok de wereld in \u2013 te voet. Wat begon als een plan om 10.000 kilometer door Europa te wandelen, groeide uit tot iets veel groters: een nieuwe manier van leven. In negen maanden legde ik meer dan 5.500 kilometer af, met alleen mijn tent, schrijfboek, wandelkar (die ik liefdevol \u2018Wheelie\u2019 noem) en mijn barefoot schoenen. Al lopend ontdekte ik dat dit mijn pad is: een nomadisch bestaan, schrijvend onderweg. Ik geloof in het ritme van de voeten, in eenvoud, traagheid en aanwezigheid. Reizen zonder haast, leven met weinig, en onderweg de verhalen vangen die zich aandienen. Mijn missie? De schoonheid van vertraging, vrijheid en verbondenheid tastbaar maken in woorden. Ik b\u00e9n onderweg. En daar voel ik me thuis.\",\"sameAs\":[\"https:\\\/\\\/footstepsoffreedom.nl\",\"https:\\\/\\\/www.instagram.com\\\/marnix_footsteps_of_freedom\\\/\"],\"url\":\"https:\\\/\\\/footstepsoffreedom.nl\\\/es\\\/author\\\/cheersmarnix\\\/\"}]}<\/script>\n<!-- \/ Yoast SEO plugin. -->","yoast_head_json":{"title":"Tienda de campa\u00f1a en el campo de tiro - FOOTSTEPS OF FREEDOM","robots":{"index":"index","follow":"follow","max-snippet":"max-snippet:-1","max-image-preview":"max-image-preview:large","max-video-preview":"max-video-preview:-1"},"canonical":"https:\/\/footstepsoffreedom.nl\/es\/tienda-de-campana-en-el-campo-de-tiro\/","og_locale":"es_ES","og_type":"article","og_title":"Tienda de campa\u00f1a en el campo de tiro - FOOTSTEPS OF FREEDOM","og_description":"17 de Mayo de 2024 Me levanto para ir al ba\u00f1o y, ahora que hay luz, veo claramente d\u00f3nde puse mi tienda anoche en la oscuridad. No fue debajo de un cartel tur\u00edstico, como pensaba,&hellip; M\u00e1s","og_url":"https:\/\/footstepsoffreedom.nl\/es\/tienda-de-campana-en-el-campo-de-tiro\/","og_site_name":"FOOTSTEPS OF FREEDOM","article_published_time":"2025-05-17T06:20:52+00:00","article_modified_time":"2025-06-11T20:28:52+00:00","og_image":[{"width":1059,"height":1600,"url":"https:\/\/footstepsoffreedom.nl\/wp-content\/uploads\/2025\/05\/dag-17-halelujah.jpeg","type":"image\/jpeg"}],"author":"Marnix van der Lijn","twitter_card":"summary_large_image","twitter_misc":{"Escrito por":"Marnix van der Lijn","Tiempo de lectura":"2 minutos"},"schema":{"@context":"https:\/\/schema.org","@graph":[{"@type":"Article","@id":"https:\/\/footstepsoffreedom.nl\/es\/tienda-de-campana-en-el-campo-de-tiro\/#article","isPartOf":{"@id":"https:\/\/footstepsoffreedom.nl\/es\/tienda-de-campana-en-el-campo-de-tiro\/"},"author":{"name":"Marnix van der Lijn","@id":"https:\/\/footstepsoffreedom.nl\/es\/#\/schema\/person\/3378b8c210d8e714eabad2dc1764e0db"},"headline":"Tienda de campa\u00f1a en el campo de tiro","datePublished":"2025-05-17T06:20:52+00:00","dateModified":"2025-06-11T20:28:52+00:00","mainEntityOfPage":{"@id":"https:\/\/footstepsoffreedom.nl\/es\/tienda-de-campana-en-el-campo-de-tiro\/"},"wordCount":385,"commentCount":0,"publisher":{"@id":"https:\/\/footstepsoffreedom.nl\/es\/#\/schema\/person\/3378b8c210d8e714eabad2dc1764e0db"},"image":{"@id":"https:\/\/footstepsoffreedom.nl\/es\/tienda-de-campana-en-el-campo-de-tiro\/#primaryimage"},"thumbnailUrl":"https:\/\/footstepsoffreedom.nl\/wp-content\/uploads\/2025\/05\/dag-17-halelujah.jpeg","keywords":["Acampada libre","Blogs ESP","Sab\u00e1tico 2024","Saint Birgitta","Suecia","Wheelie"],"articleSection":["Blogs ESP"],"inLanguage":"es","potentialAction":[{"@type":"CommentAction","name":"Comment","target":["https:\/\/footstepsoffreedom.nl\/es\/tienda-de-campana-en-el-campo-de-tiro\/#respond"]}]},{"@type":"WebPage","@id":"https:\/\/footstepsoffreedom.nl\/es\/tienda-de-campana-en-el-campo-de-tiro\/","url":"https:\/\/footstepsoffreedom.nl\/es\/tienda-de-campana-en-el-campo-de-tiro\/","name":"Tienda de campa\u00f1a en el campo de tiro - FOOTSTEPS OF FREEDOM","isPartOf":{"@id":"https:\/\/footstepsoffreedom.nl\/es\/#website"},"primaryImageOfPage":{"@id":"https:\/\/footstepsoffreedom.nl\/es\/tienda-de-campana-en-el-campo-de-tiro\/#primaryimage"},"image":{"@id":"https:\/\/footstepsoffreedom.nl\/es\/tienda-de-campana-en-el-campo-de-tiro\/#primaryimage"},"thumbnailUrl":"https:\/\/footstepsoffreedom.nl\/wp-content\/uploads\/2025\/05\/dag-17-halelujah.jpeg","datePublished":"2025-05-17T06:20:52+00:00","dateModified":"2025-06-11T20:28:52+00:00","breadcrumb":{"@id":"https:\/\/footstepsoffreedom.nl\/es\/tienda-de-campana-en-el-campo-de-tiro\/#breadcrumb"},"inLanguage":"es","potentialAction":[{"@type":"ReadAction","target":["https:\/\/footstepsoffreedom.nl\/es\/tienda-de-campana-en-el-campo-de-tiro\/"]}]},{"@type":"ImageObject","inLanguage":"es","@id":"https:\/\/footstepsoffreedom.nl\/es\/tienda-de-campana-en-el-campo-de-tiro\/#primaryimage","url":"https:\/\/footstepsoffreedom.nl\/wp-content\/uploads\/2025\/05\/dag-17-halelujah.jpeg","contentUrl":"https:\/\/footstepsoffreedom.nl\/wp-content\/uploads\/2025\/05\/dag-17-halelujah.jpeg","width":1059,"height":1600},{"@type":"BreadcrumbList","@id":"https:\/\/footstepsoffreedom.nl\/es\/tienda-de-campana-en-el-campo-de-tiro\/#breadcrumb","itemListElement":[{"@type":"ListItem","position":1,"name":"Home","item":"https:\/\/footstepsoffreedom.nl\/es\/"},{"@type":"ListItem","position":2,"name":"Tienda de campa\u00f1a en el campo de tiro"}]},{"@type":"WebSite","@id":"https:\/\/footstepsoffreedom.nl\/es\/#website","url":"https:\/\/footstepsoffreedom.nl\/es\/","name":"FOOTSTEPS OF FREEDOM","description":"Hiking &amp; writing","publisher":{"@id":"https:\/\/footstepsoffreedom.nl\/es\/#\/schema\/person\/3378b8c210d8e714eabad2dc1764e0db"},"potentialAction":[{"@type":"SearchAction","target":{"@type":"EntryPoint","urlTemplate":"https:\/\/footstepsoffreedom.nl\/es\/?s={search_term_string}"},"query-input":{"@type":"PropertyValueSpecification","valueRequired":true,"valueName":"search_term_string"}}],"inLanguage":"es"},{"@type":["Person","Organization"],"@id":"https:\/\/footstepsoffreedom.nl\/es\/#\/schema\/person\/3378b8c210d8e714eabad2dc1764e0db","name":"Marnix van der Lijn","image":{"@type":"ImageObject","inLanguage":"es","@id":"https:\/\/footstepsoffreedom.nl\/wp-content\/uploads\/2025\/05\/logo_fof.svg","url":"https:\/\/footstepsoffreedom.nl\/wp-content\/uploads\/2025\/05\/logo_fof.svg","contentUrl":"https:\/\/footstepsoffreedom.nl\/wp-content\/uploads\/2025\/05\/logo_fof.svg","width":1160,"height":250,"caption":"Marnix van der Lijn"},"logo":{"@id":"https:\/\/footstepsoffreedom.nl\/wp-content\/uploads\/2025\/05\/logo_fof.svg"},"description":"Ik ben Marnix (1964), schrijver, langeafstandswandelaar en minimalist in hart en nieren. Na een loopbaan in de commerci\u00eble wereld, coaching en training, en jarenlange inzet in de vluchtelingenopvang, koos ik op mijn zestigste voor een radicale wending: ik gaf mezelf een sabbatical en trok de wereld in \u2013 te voet. Wat begon als een plan om 10.000 kilometer door Europa te wandelen, groeide uit tot iets veel groters: een nieuwe manier van leven. In negen maanden legde ik meer dan 5.500 kilometer af, met alleen mijn tent, schrijfboek, wandelkar (die ik liefdevol \u2018Wheelie\u2019 noem) en mijn barefoot schoenen. Al lopend ontdekte ik dat dit mijn pad is: een nomadisch bestaan, schrijvend onderweg. Ik geloof in het ritme van de voeten, in eenvoud, traagheid en aanwezigheid. Reizen zonder haast, leven met weinig, en onderweg de verhalen vangen die zich aandienen. Mijn missie? De schoonheid van vertraging, vrijheid en verbondenheid tastbaar maken in woorden. Ik b\u00e9n onderweg. En daar voel ik me thuis.","sameAs":["https:\/\/footstepsoffreedom.nl","https:\/\/www.instagram.com\/marnix_footsteps_of_freedom\/"],"url":"https:\/\/footstepsoffreedom.nl\/es\/author\/cheersmarnix\/"}]}},"jetpack_publicize_connections":[],"jetpack_featured_media_url":"https:\/\/footstepsoffreedom.nl\/wp-content\/uploads\/2025\/05\/dag-17-halelujah.jpeg","jetpack_sharing_enabled":true,"jetpack-related-posts":[{"id":296,"url":"https:\/\/footstepsoffreedom.nl\/es\/panqueques-con-bacon\/","url_meta":{"origin":323,"position":0},"title":"Panqueques con bacon","author":"Marnix van der Lijn","date":"13 de mayo de 2025","format":false,"excerpt":"13 de Mayo de 2024 Tras otra noche heladora me despierto con el sol sobre la tienda. Por primera vez hay bastante condensaci\u00f3n, pero con el sol mi castillo se seca rapid\u00edsimo. La cremallera de mi refugio se rompe. Qu\u00e9 fastidio\u2026 pero por suerte la tienda tambi\u00e9n tiene velcro, as\u00ed\u2026","rel":"","context":"En \u00abBlogs ESP\u00bb","block_context":{"text":"Blogs ESP","link":"https:\/\/footstepsoffreedom.nl\/es\/category\/blogs-es\/"},"img":{"alt_text":"","src":"https:\/\/i0.wp.com\/footstepsoffreedom.nl\/wp-content\/uploads\/2025\/05\/dag-13-pannenkoeken.jpeg?resize=350%2C200&ssl=1","width":350,"height":200,"srcset":"https:\/\/i0.wp.com\/footstepsoffreedom.nl\/wp-content\/uploads\/2025\/05\/dag-13-pannenkoeken.jpeg?resize=350%2C200&ssl=1 1x, https:\/\/i0.wp.com\/footstepsoffreedom.nl\/wp-content\/uploads\/2025\/05\/dag-13-pannenkoeken.jpeg?resize=525%2C300&ssl=1 1.5x, https:\/\/i0.wp.com\/footstepsoffreedom.nl\/wp-content\/uploads\/2025\/05\/dag-13-pannenkoeken.jpeg?resize=700%2C400&ssl=1 2x, https:\/\/i0.wp.com\/footstepsoffreedom.nl\/wp-content\/uploads\/2025\/05\/dag-13-pannenkoeken.jpeg?resize=1050%2C600&ssl=1 3x, https:\/\/i0.wp.com\/footstepsoffreedom.nl\/wp-content\/uploads\/2025\/05\/dag-13-pannenkoeken.jpeg?resize=1400%2C800&ssl=1 4x"},"classes":[]},{"id":319,"url":"https:\/\/footstepsoffreedom.nl\/es\/ha-comenzado-el-gran-acto-de-soltar\/","url_meta":{"origin":323,"position":1},"title":"\u00a1Ha comenzado el gran acto de soltar!","author":"Marnix van der Lijn","date":"16 de mayo de 2025","format":false,"excerpt":"16 de Mayo de 2024 Por la ma\u00f1ana, fr\u00edo huevos en mi playita. Tengo bastante apetito, y as\u00ed estoy durante todo el d\u00eda. Como con frecuencia. Una de las decisiones que he tomado es comer cuando tengo hambre y no en horarios fijos. Durante las primeras dos semanas com\u00ed mucho\u2026","rel":"","context":"En \u00abBlogs ESP\u00bb","block_context":{"text":"Blogs ESP","link":"https:\/\/footstepsoffreedom.nl\/es\/category\/blogs-es\/"},"img":{"alt_text":"","src":"https:\/\/i0.wp.com\/footstepsoffreedom.nl\/wp-content\/uploads\/2025\/05\/dag-16-kamperen-verboden-e1748094595533.jpeg?resize=350%2C200&ssl=1","width":350,"height":200,"srcset":"https:\/\/i0.wp.com\/footstepsoffreedom.nl\/wp-content\/uploads\/2025\/05\/dag-16-kamperen-verboden-e1748094595533.jpeg?resize=350%2C200&ssl=1 1x, https:\/\/i0.wp.com\/footstepsoffreedom.nl\/wp-content\/uploads\/2025\/05\/dag-16-kamperen-verboden-e1748094595533.jpeg?resize=525%2C300&ssl=1 1.5x, https:\/\/i0.wp.com\/footstepsoffreedom.nl\/wp-content\/uploads\/2025\/05\/dag-16-kamperen-verboden-e1748094595533.jpeg?resize=700%2C400&ssl=1 2x, https:\/\/i0.wp.com\/footstepsoffreedom.nl\/wp-content\/uploads\/2025\/05\/dag-16-kamperen-verboden-e1748094595533.jpeg?resize=1050%2C600&ssl=1 3x"},"classes":[]},{"id":1831,"url":"https:\/\/footstepsoffreedom.nl\/es\/banderas-arcoiris-en-la-catedral\/","url_meta":{"origin":323,"position":2},"title":"Banderas arco\u00edris en la catedral","author":"Marnix van der Lijn","date":"13 de junio de 2025","format":false,"excerpt":"#recuerdo - 2 de junio de 2024 A mitad de la noche, sobre la una y media, me despierto de golpe. Oigo a gente caminando cerca de mi tienda. Es s\u00e1bado, y resulta ser un grupo de adolescentes que ha decidido ir a pasar el rato en el mirador de\u2026","rel":"","context":"En \u00abBlogs ESP\u00bb","block_context":{"text":"Blogs ESP","link":"https:\/\/footstepsoffreedom.nl\/es\/category\/blogs-es\/"},"img":{"alt_text":"","src":"","width":0,"height":0},"classes":[]},{"id":962,"url":"https:\/\/footstepsoffreedom.nl\/es\/huskvarna-3\/","url_meta":{"origin":323,"position":3},"title":"Huskvarna","author":"Marnix van der Lijn","date":"23 de mayo de 2025","format":false,"excerpt":"#recuerdo - 23 de mayo de 2024 \u00a1Por una vez salgo a tiempo! \u00a1Hoy consigo salir a tiempo! Quiero llegar pronto al hostal para poder hacer la colada, que es en realidad la principal raz\u00f3n por la que he reservado una habitaci\u00f3n. Acampar libremente cerca de una ciudad grande no\u2026","rel":"","context":"En \u00abBlogs ESP\u00bb","block_context":{"text":"Blogs ESP","link":"https:\/\/footstepsoffreedom.nl\/es\/category\/blogs-es\/"},"img":{"alt_text":"","src":"https:\/\/i0.wp.com\/footstepsoffreedom.nl\/wp-content\/uploads\/2025\/05\/dag-23-jongetje.jpeg?resize=350%2C200&ssl=1","width":350,"height":200,"srcset":"https:\/\/i0.wp.com\/footstepsoffreedom.nl\/wp-content\/uploads\/2025\/05\/dag-23-jongetje.jpeg?resize=350%2C200&ssl=1 1x, https:\/\/i0.wp.com\/footstepsoffreedom.nl\/wp-content\/uploads\/2025\/05\/dag-23-jongetje.jpeg?resize=525%2C300&ssl=1 1.5x, https:\/\/i0.wp.com\/footstepsoffreedom.nl\/wp-content\/uploads\/2025\/05\/dag-23-jongetje.jpeg?resize=700%2C400&ssl=1 2x, https:\/\/i0.wp.com\/footstepsoffreedom.nl\/wp-content\/uploads\/2025\/05\/dag-23-jongetje.jpeg?resize=1050%2C600&ssl=1 3x, https:\/\/i0.wp.com\/footstepsoffreedom.nl\/wp-content\/uploads\/2025\/05\/dag-23-jongetje.jpeg?resize=1400%2C800&ssl=1 4x"},"classes":[]},{"id":874,"url":"https:\/\/footstepsoffreedom.nl\/es\/seis-portones-una-pesadilla\/","url_meta":{"origin":323,"position":4},"title":"Seis portones \u2014 una pesadilla","author":"Marnix van der Lijn","date":"20 de mayo de 2025","format":false,"excerpt":"20 de mayo de 2024 Empiezo a empacar a las 8 de la ma\u00f1ana, pero al final no salgo hasta las 10. Aun as\u00ed, es interesante ver c\u00f3mo los vecinos vienen temprano a darse un chapuz\u00f3n. Me quedo all\u00ed simplemente observando a la gente, y la verdad es que tiene\u2026","rel":"","context":"En \u00abBlogs ESP\u00bb","block_context":{"text":"Blogs ESP","link":"https:\/\/footstepsoffreedom.nl\/es\/category\/blogs-es\/"},"img":{"alt_text":"","src":"https:\/\/i0.wp.com\/footstepsoffreedom.nl\/wp-content\/uploads\/2025\/05\/dag-20-hek-1.jpeg?resize=350%2C200&ssl=1","width":350,"height":200,"srcset":"https:\/\/i0.wp.com\/footstepsoffreedom.nl\/wp-content\/uploads\/2025\/05\/dag-20-hek-1.jpeg?resize=350%2C200&ssl=1 1x, https:\/\/i0.wp.com\/footstepsoffreedom.nl\/wp-content\/uploads\/2025\/05\/dag-20-hek-1.jpeg?resize=525%2C300&ssl=1 1.5x, https:\/\/i0.wp.com\/footstepsoffreedom.nl\/wp-content\/uploads\/2025\/05\/dag-20-hek-1.jpeg?resize=700%2C400&ssl=1 2x, https:\/\/i0.wp.com\/footstepsoffreedom.nl\/wp-content\/uploads\/2025\/05\/dag-20-hek-1.jpeg?resize=1050%2C600&ssl=1 3x"},"classes":[]},{"id":1547,"url":"https:\/\/footstepsoffreedom.nl\/es\/ataque-de-panico\/","url_meta":{"origin":323,"position":5},"title":"Ataque de p\u00e1nico","author":"Marnix van der Lijn","date":"8 de junio de 2025","format":false,"excerpt":"#recuerdo - 28 de mayo de 2024 Me despierto con el sol y, para lo que suelo hacer, salgo temprano. El chasis de mi carro se ha roto por completo; lo reparo como puedo con cinta adhesiva y planeo una ruta por asfalto, evitando los senderos del bosque. En un\u2026","rel":"","context":"En \u00abBlogs ESP\u00bb","block_context":{"text":"Blogs ESP","link":"https:\/\/footstepsoffreedom.nl\/es\/category\/blogs-es\/"},"img":{"alt_text":"","src":"https:\/\/i0.wp.com\/footstepsoffreedom.nl\/wp-content\/uploads\/2025\/06\/dag-29-veelvraat-foto-van-internet-niet-van-mij-1.jpeg?resize=350%2C200&ssl=1","width":350,"height":200,"srcset":"https:\/\/i0.wp.com\/footstepsoffreedom.nl\/wp-content\/uploads\/2025\/06\/dag-29-veelvraat-foto-van-internet-niet-van-mij-1.jpeg?resize=350%2C200&ssl=1 1x, https:\/\/i0.wp.com\/footstepsoffreedom.nl\/wp-content\/uploads\/2025\/06\/dag-29-veelvraat-foto-van-internet-niet-van-mij-1.jpeg?resize=525%2C300&ssl=1 1.5x, https:\/\/i0.wp.com\/footstepsoffreedom.nl\/wp-content\/uploads\/2025\/06\/dag-29-veelvraat-foto-van-internet-niet-van-mij-1.jpeg?resize=700%2C400&ssl=1 2x, https:\/\/i0.wp.com\/footstepsoffreedom.nl\/wp-content\/uploads\/2025\/06\/dag-29-veelvraat-foto-van-internet-niet-van-mij-1.jpeg?resize=1050%2C600&ssl=1 3x"},"classes":[]}],"jetpack_likes_enabled":true,"_links":{"self":[{"href":"https:\/\/footstepsoffreedom.nl\/es\/wp-json\/wp\/v2\/posts\/323","targetHints":{"allow":["GET"]}}],"collection":[{"href":"https:\/\/footstepsoffreedom.nl\/es\/wp-json\/wp\/v2\/posts"}],"about":[{"href":"https:\/\/footstepsoffreedom.nl\/es\/wp-json\/wp\/v2\/types\/post"}],"author":[{"embeddable":true,"href":"https:\/\/footstepsoffreedom.nl\/es\/wp-json\/wp\/v2\/users\/2"}],"replies":[{"embeddable":true,"href":"https:\/\/footstepsoffreedom.nl\/es\/wp-json\/wp\/v2\/comments?post=323"}],"version-history":[{"count":3,"href":"https:\/\/footstepsoffreedom.nl\/es\/wp-json\/wp\/v2\/posts\/323\/revisions"}],"predecessor-version":[{"id":817,"href":"https:\/\/footstepsoffreedom.nl\/es\/wp-json\/wp\/v2\/posts\/323\/revisions\/817"}],"wp:featuredmedia":[{"embeddable":true,"href":"https:\/\/footstepsoffreedom.nl\/es\/wp-json\/wp\/v2\/media\/809"}],"wp:attachment":[{"href":"https:\/\/footstepsoffreedom.nl\/es\/wp-json\/wp\/v2\/media?parent=323"}],"wp:term":[{"taxonomy":"category","embeddable":true,"href":"https:\/\/footstepsoffreedom.nl\/es\/wp-json\/wp\/v2\/categories?post=323"},{"taxonomy":"post_tag","embeddable":true,"href":"https:\/\/footstepsoffreedom.nl\/es\/wp-json\/wp\/v2\/tags?post=323"}],"curies":[{"name":"wp","href":"https:\/\/api.w.org\/{rel}","templated":true}]}}