{"id":246,"date":"2025-05-06T20:00:28","date_gmt":"2025-05-06T18:00:28","guid":{"rendered":"https:\/\/footstepsoffreedom.nl\/?p=246"},"modified":"2025-06-11T22:17:28","modified_gmt":"2025-06-11T20:17:28","slug":"caminando-entre-amarillo-perfumado","status":"publish","type":"post","link":"https:\/\/footstepsoffreedom.nl\/es\/caminando-entre-amarillo-perfumado\/","title":{"rendered":"Caminando entre amarillo perfumado"},"content":{"rendered":"\n<p>#recuerdo &#8211; 6 de Mayo de 2024<\/p>\n\n\n\n<p>Ya se est\u00e1 volviendo una costumbre: levantarme y recoger todo me toma su tiempo. Pero el caf\u00e9, en cambio, sabe cada d\u00eda mejor. Salgo tarde otra vez. El d\u00eda empieza desapacible, con viento fr\u00edo, pero hacia la tarde vuelve el sol. No hay nada m\u00e1s cambiante que el tiempo.<\/p>\n\n\n\n<p>Camino otra vez por largos tramos rodeado de ese amarillo arom\u00e1tico y entre campos agr\u00edcolas. Frente a algunas casas hay una escultura preciosa: un caballo hecho con piezas de bicicletas y coches. Una verdadera obra de arte.<\/p>\n\n\n\n<p>La iglesia de Sirek\u00f6ping es preciosa, y se puede ver desde lejos alz\u00e1ndose sobre el paisaje. Por desgracia, la puerta est\u00e1 cerrada y no puedo entrar a verla por dentro.<\/p>\n\n\n\n<p>Una vez m\u00e1s encuentro un lugar perfecto junto a un lago para acampar. Qu\u00e9 paz, qu\u00e9 lujo, qu\u00e9 sensaci\u00f3n de abundancia.<\/p>\n\n\n\n<div class=\"wp-block-jetpack-tiled-gallery aligncenter is-style-rectangular\"><div class=\"\"><div class=\"tiled-gallery__gallery\"><div class=\"tiled-gallery__row\"><div class=\"tiled-gallery__col\" style=\"flex-basis:66.66083%\"><figure class=\"tiled-gallery__item\"><img decoding=\"async\" role=\"button\" tabindex=\"0\" aria-label=\"Abrir la imagen 1 de 8 en pantalla completa\"srcset=\"https:\/\/i0.wp.com\/footstepsoffreedom.nl\/wp-content\/uploads\/2025\/05\/dag-6-fietser-1024x773.jpeg?strip=info&#038;w=600&#038;ssl=1 600w,https:\/\/i0.wp.com\/footstepsoffreedom.nl\/wp-content\/uploads\/2025\/05\/dag-6-fietser-1024x773.jpeg?strip=info&#038;w=900&#038;ssl=1 900w,https:\/\/i0.wp.com\/footstepsoffreedom.nl\/wp-content\/uploads\/2025\/05\/dag-6-fietser-1024x773.jpeg?strip=info&#038;w=1200&#038;ssl=1 1200w,https:\/\/i0.wp.com\/footstepsoffreedom.nl\/wp-content\/uploads\/2025\/05\/dag-6-fietser-1024x773.jpeg?strip=info&#038;w=1500&#038;ssl=1 1500w,https:\/\/i0.wp.com\/footstepsoffreedom.nl\/wp-content\/uploads\/2025\/05\/dag-6-fietser-1024x773.jpeg?strip=info&#038;w=1506&#038;ssl=1 1506w\" alt=\"\" data-height=\"1137\" data-id=\"412\" data-link=\"https:\/\/footstepsoffreedom.nl\/wandelend-door-geurend-geel\/dag-6-fietser\/\" data-url=\"https:\/\/footstepsoffreedom.nl\/wp-content\/uploads\/2025\/05\/dag-6-fietser-1024x773.jpeg\" data-width=\"1506\" src=\"https:\/\/i0.wp.com\/footstepsoffreedom.nl\/wp-content\/uploads\/2025\/05\/dag-6-fietser-1024x773.jpeg?ssl=1\" data-amp-layout=\"responsive\" tabindex=\"0\" role=\"button\" aria-label=\"Afbeelding 1 of 8 op volledig scherm openen\"\/><\/figure><\/div><div class=\"tiled-gallery__col\" style=\"flex-basis:33.33917%\"><figure class=\"tiled-gallery__item\"><img decoding=\"async\" role=\"button\" tabindex=\"0\" aria-label=\"Abrir la imagen 2 de 8 en pantalla completa\"srcset=\"https:\/\/i0.wp.com\/footstepsoffreedom.nl\/wp-content\/uploads\/2025\/05\/dag-6-detail-677x1024.jpeg?strip=info&#038;w=600&#038;ssl=1 600w,https:\/\/i0.wp.com\/footstepsoffreedom.nl\/wp-content\/uploads\/2025\/05\/dag-6-detail-677x1024.jpeg?strip=info&#038;w=900&#038;ssl=1 900w,https:\/\/i0.wp.com\/footstepsoffreedom.nl\/wp-content\/uploads\/2025\/05\/dag-6-detail-677x1024.jpeg?strip=info&#038;w=1058&#038;ssl=1 1058w\" alt=\"\" data-height=\"1600\" data-id=\"408\" data-link=\"https:\/\/footstepsoffreedom.nl\/wandelend-door-geurend-geel\/dag-6-detail\/\" data-url=\"https:\/\/footstepsoffreedom.nl\/wp-content\/uploads\/2025\/05\/dag-6-detail-677x1024.jpeg\" data-width=\"1058\" src=\"https:\/\/i0.wp.com\/footstepsoffreedom.nl\/wp-content\/uploads\/2025\/05\/dag-6-detail-677x1024.jpeg?ssl=1\" data-amp-layout=\"responsive\" tabindex=\"0\" role=\"button\" aria-label=\"Afbeelding 2 of 8 op volledig scherm openen\"\/><\/figure><\/div><\/div><div class=\"tiled-gallery__row\"><div class=\"tiled-gallery__col\" style=\"flex-basis:58.05878%\"><figure class=\"tiled-gallery__item\"><img decoding=\"async\" role=\"button\" tabindex=\"0\" aria-label=\"Abrir la imagen 3 de 8 en pantalla completa\"srcset=\"https:\/\/i0.wp.com\/footstepsoffreedom.nl\/wp-content\/uploads\/2025\/05\/dag-6-paard-1024x986.jpeg?strip=info&#038;w=600&#038;ssl=1 600w,https:\/\/i0.wp.com\/footstepsoffreedom.nl\/wp-content\/uploads\/2025\/05\/dag-6-paard-1024x986.jpeg?strip=info&#038;w=900&#038;ssl=1 900w,https:\/\/i0.wp.com\/footstepsoffreedom.nl\/wp-content\/uploads\/2025\/05\/dag-6-paard-1024x986.jpeg?strip=info&#038;w=1200&#038;ssl=1 1200w,https:\/\/i0.wp.com\/footstepsoffreedom.nl\/wp-content\/uploads\/2025\/05\/dag-6-paard-1024x986.jpeg?strip=info&#038;w=1500&#038;ssl=1 1500w,https:\/\/i0.wp.com\/footstepsoffreedom.nl\/wp-content\/uploads\/2025\/05\/dag-6-paard-1024x986.jpeg?strip=info&#038;w=1600&#038;ssl=1 1600w\" alt=\"\" data-height=\"1540\" data-id=\"409\" data-link=\"https:\/\/footstepsoffreedom.nl\/wandelend-door-geurend-geel\/dag-6-paard\/\" data-url=\"https:\/\/footstepsoffreedom.nl\/wp-content\/uploads\/2025\/05\/dag-6-paard-1024x986.jpeg\" data-width=\"1600\" src=\"https:\/\/i0.wp.com\/footstepsoffreedom.nl\/wp-content\/uploads\/2025\/05\/dag-6-paard-1024x986.jpeg?ssl=1\" data-amp-layout=\"responsive\" tabindex=\"0\" role=\"button\" aria-label=\"Afbeelding 3 of 8 op volledig scherm openen\"\/><\/figure><\/div><div class=\"tiled-gallery__col\" style=\"flex-basis:41.94122%\"><figure class=\"tiled-gallery__item\"><img decoding=\"async\" role=\"button\" tabindex=\"0\" aria-label=\"Abrir la imagen 4 de 8 en pantalla completa\"srcset=\"https:\/\/i0.wp.com\/footstepsoffreedom.nl\/wp-content\/uploads\/2025\/05\/dag-6-wandelaars-768x1024.jpeg?strip=info&#038;w=600&#038;ssl=1 600w,https:\/\/i0.wp.com\/footstepsoffreedom.nl\/wp-content\/uploads\/2025\/05\/dag-6-wandelaars-768x1024.jpeg?strip=info&#038;w=900&#038;ssl=1 900w,https:\/\/i0.wp.com\/footstepsoffreedom.nl\/wp-content\/uploads\/2025\/05\/dag-6-wandelaars-768x1024.jpeg?strip=info&#038;w=1200&#038;ssl=1 1200w\" alt=\"\" data-height=\"1600\" data-id=\"411\" data-link=\"https:\/\/footstepsoffreedom.nl\/wandelend-door-geurend-geel\/dag-6-wandelaars\/\" data-url=\"https:\/\/footstepsoffreedom.nl\/wp-content\/uploads\/2025\/05\/dag-6-wandelaars-768x1024.jpeg\" data-width=\"1200\" src=\"https:\/\/i0.wp.com\/footstepsoffreedom.nl\/wp-content\/uploads\/2025\/05\/dag-6-wandelaars-768x1024.jpeg?ssl=1\" data-amp-layout=\"responsive\" tabindex=\"0\" role=\"button\" aria-label=\"Afbeelding 4 of 8 op volledig scherm openen\"\/><\/figure><\/div><\/div><div class=\"tiled-gallery__row\"><div class=\"tiled-gallery__col\" style=\"flex-basis:64.07573%\"><figure class=\"tiled-gallery__item\"><img decoding=\"async\" role=\"button\" tabindex=\"0\" aria-label=\"Abrir la imagen 5 de 8 en pantalla completa\"srcset=\"https:\/\/i0.wp.com\/footstepsoffreedom.nl\/wp-content\/uploads\/2025\/05\/dag-6-kerk-2-768x1024.jpeg?strip=info&#038;w=600&#038;ssl=1 600w,https:\/\/i0.wp.com\/footstepsoffreedom.nl\/wp-content\/uploads\/2025\/05\/dag-6-kerk-2-768x1024.jpeg?strip=info&#038;w=900&#038;ssl=1 900w,https:\/\/i0.wp.com\/footstepsoffreedom.nl\/wp-content\/uploads\/2025\/05\/dag-6-kerk-2-768x1024.jpeg?strip=info&#038;w=1200&#038;ssl=1 1200w\" alt=\"\" data-height=\"1600\" data-id=\"405\" data-link=\"https:\/\/footstepsoffreedom.nl\/wandelend-door-geurend-geel\/dag-6-kerk-2\/\" data-url=\"https:\/\/footstepsoffreedom.nl\/wp-content\/uploads\/2025\/05\/dag-6-kerk-2-768x1024.jpeg\" data-width=\"1200\" src=\"https:\/\/i0.wp.com\/footstepsoffreedom.nl\/wp-content\/uploads\/2025\/05\/dag-6-kerk-2-768x1024.jpeg?ssl=1\" data-amp-layout=\"responsive\" tabindex=\"0\" role=\"button\" aria-label=\"Afbeelding 5 of 8 op volledig scherm openen\"\/><\/figure><\/div><div class=\"tiled-gallery__col\" style=\"flex-basis:35.92427%\"><figure class=\"tiled-gallery__item\"><img decoding=\"async\" role=\"button\" tabindex=\"0\" aria-label=\"Abrir la imagen 6 de 8 en pantalla completa\"srcset=\"https:\/\/i0.wp.com\/footstepsoffreedom.nl\/wp-content\/uploads\/2025\/05\/dag-6-donkere-lucht-1024x881.jpeg?strip=info&#038;w=600&#038;ssl=1 600w,https:\/\/i0.wp.com\/footstepsoffreedom.nl\/wp-content\/uploads\/2025\/05\/dag-6-donkere-lucht-1024x881.jpeg?strip=info&#038;w=900&#038;ssl=1 900w,https:\/\/i0.wp.com\/footstepsoffreedom.nl\/wp-content\/uploads\/2025\/05\/dag-6-donkere-lucht-1024x881.jpeg?strip=info&#038;w=1200&#038;ssl=1 1200w,https:\/\/i0.wp.com\/footstepsoffreedom.nl\/wp-content\/uploads\/2025\/05\/dag-6-donkere-lucht-1024x881.jpeg?strip=info&#038;w=1500&#038;ssl=1 1500w,https:\/\/i0.wp.com\/footstepsoffreedom.nl\/wp-content\/uploads\/2025\/05\/dag-6-donkere-lucht-1024x881.jpeg?strip=info&#038;w=1600&#038;ssl=1 1600w\" alt=\"\" data-height=\"1377\" data-id=\"410\" data-link=\"https:\/\/footstepsoffreedom.nl\/wandelend-door-geurend-geel\/dag-6-donkere-lucht\/\" data-url=\"https:\/\/footstepsoffreedom.nl\/wp-content\/uploads\/2025\/05\/dag-6-donkere-lucht-1024x881.jpeg\" data-width=\"1600\" src=\"https:\/\/i0.wp.com\/footstepsoffreedom.nl\/wp-content\/uploads\/2025\/05\/dag-6-donkere-lucht-1024x881.jpeg?ssl=1\" data-amp-layout=\"responsive\" tabindex=\"0\" role=\"button\" aria-label=\"Afbeelding 6 of 8 op volledig scherm openen\"\/><\/figure><figure class=\"tiled-gallery__item\"><img decoding=\"async\" role=\"button\" tabindex=\"0\" aria-label=\"Abrir la imagen 7 de 8 en pantalla completa\"srcset=\"https:\/\/i0.wp.com\/footstepsoffreedom.nl\/wp-content\/uploads\/2025\/05\/dag-6-huis-in-groen-1024x768.jpeg?strip=info&#038;w=600&#038;ssl=1 600w,https:\/\/i0.wp.com\/footstepsoffreedom.nl\/wp-content\/uploads\/2025\/05\/dag-6-huis-in-groen-1024x768.jpeg?strip=info&#038;w=900&#038;ssl=1 900w,https:\/\/i0.wp.com\/footstepsoffreedom.nl\/wp-content\/uploads\/2025\/05\/dag-6-huis-in-groen-1024x768.jpeg?strip=info&#038;w=1200&#038;ssl=1 1200w,https:\/\/i0.wp.com\/footstepsoffreedom.nl\/wp-content\/uploads\/2025\/05\/dag-6-huis-in-groen-1024x768.jpeg?strip=info&#038;w=1500&#038;ssl=1 1500w,https:\/\/i0.wp.com\/footstepsoffreedom.nl\/wp-content\/uploads\/2025\/05\/dag-6-huis-in-groen-1024x768.jpeg?strip=info&#038;w=1600&#038;ssl=1 1600w\" alt=\"\" data-height=\"1200\" data-id=\"406\" data-link=\"https:\/\/footstepsoffreedom.nl\/wandelend-door-geurend-geel\/dag-6-huis-in-groen\/\" data-url=\"https:\/\/footstepsoffreedom.nl\/wp-content\/uploads\/2025\/05\/dag-6-huis-in-groen-1024x768.jpeg\" data-width=\"1600\" src=\"https:\/\/i0.wp.com\/footstepsoffreedom.nl\/wp-content\/uploads\/2025\/05\/dag-6-huis-in-groen-1024x768.jpeg?ssl=1\" data-amp-layout=\"responsive\" tabindex=\"0\" role=\"button\" aria-label=\"Afbeelding 7 of 8 op volledig scherm openen\"\/><\/figure><figure class=\"tiled-gallery__item\"><img decoding=\"async\" role=\"button\" tabindex=\"0\" aria-label=\"Abrir la imagen 8 de 8 en pantalla completa\"srcset=\"https:\/\/i0.wp.com\/footstepsoffreedom.nl\/wp-content\/uploads\/2025\/05\/dag-6-meer-1024x768.jpeg?strip=info&#038;w=600&#038;ssl=1 600w,https:\/\/i0.wp.com\/footstepsoffreedom.nl\/wp-content\/uploads\/2025\/05\/dag-6-meer-1024x768.jpeg?strip=info&#038;w=900&#038;ssl=1 900w,https:\/\/i0.wp.com\/footstepsoffreedom.nl\/wp-content\/uploads\/2025\/05\/dag-6-meer-1024x768.jpeg?strip=info&#038;w=1200&#038;ssl=1 1200w,https:\/\/i0.wp.com\/footstepsoffreedom.nl\/wp-content\/uploads\/2025\/05\/dag-6-meer-1024x768.jpeg?strip=info&#038;w=1500&#038;ssl=1 1500w,https:\/\/i0.wp.com\/footstepsoffreedom.nl\/wp-content\/uploads\/2025\/05\/dag-6-meer-1024x768.jpeg?strip=info&#038;w=1600&#038;ssl=1 1600w\" alt=\"\" data-height=\"1200\" data-id=\"404\" data-link=\"https:\/\/footstepsoffreedom.nl\/wandelend-door-geurend-geel\/dag-6-meer\/\" data-url=\"https:\/\/footstepsoffreedom.nl\/wp-content\/uploads\/2025\/05\/dag-6-meer-1024x768.jpeg\" data-width=\"1600\" src=\"https:\/\/i0.wp.com\/footstepsoffreedom.nl\/wp-content\/uploads\/2025\/05\/dag-6-meer-1024x768.jpeg?ssl=1\" data-amp-layout=\"responsive\" tabindex=\"0\" role=\"button\" aria-label=\"Afbeelding 8 of 8 op volledig scherm openen\"\/><\/figure><\/div><\/div><\/div><\/div><\/div>\n","protected":false},"excerpt":{"rendered":"<p>#recuerdo &#8211; 6 de Mayo de 2024 Ya se est\u00e1 volviendo una costumbre: levantarme y recoger todo me toma su tiempo. Pero el caf\u00e9, en cambio, sabe cada d\u00eda mejor. Salgo tarde otra vez. El&hellip; <a href=\"https:\/\/footstepsoffreedom.nl\/es\/caminando-entre-amarillo-perfumado\/\">M\u00e1s<\/a><\/p>\n","protected":false},"author":2,"featured_media":413,"comment_status":"open","ping_status":"open","sticky":false,"template":"","format":"standard","meta":{"inline_featured_image":false,"jetpack_post_was_ever_published":false,"_jetpack_newsletter_access":"","_jetpack_dont_email_post_to_subs":false,"_jetpack_newsletter_tier_id":0,"_jetpack_memberships_contains_paywalled_content":false,"_jetpack_memberships_contains_paid_content":false,"footnotes":"","jetpack_publicize_message":"","jetpack_publicize_feature_enabled":true,"jetpack_social_post_already_shared":true,"jetpack_social_options":{"image_generator_settings":{"template":"highway","default_image_id":0,"font":"","enabled":false},"version":2}},"categories":[11],"tags":[123,166,100,201,57],"class_list":["post-246","post","type-post","status-publish","format-standard","has-post-thumbnail","hentry","category-blogs-es","tag-acampada-libre","tag-blogs-esp","tag-sabatico-2024","tag-saint-birgitta","tag-suecia"],"yoast_head":"<!-- This site is optimized with the Yoast SEO plugin v27.5 - https:\/\/yoast.com\/product\/yoast-seo-wordpress\/ -->\n<title>Caminando entre amarillo perfumado - FOOTSTEPS OF FREEDOM<\/title>\n<meta name=\"robots\" content=\"index, follow, max-snippet:-1, max-image-preview:large, max-video-preview:-1\" \/>\n<link rel=\"canonical\" href=\"https:\/\/footstepsoffreedom.nl\/es\/caminando-entre-amarillo-perfumado\/\" \/>\n<meta property=\"og:locale\" content=\"es_ES\" \/>\n<meta property=\"og:type\" content=\"article\" \/>\n<meta property=\"og:title\" content=\"Caminando entre amarillo perfumado - FOOTSTEPS OF FREEDOM\" \/>\n<meta property=\"og:description\" content=\"#recuerdo &#8211; 6 de Mayo de 2024 Ya se est\u00e1 volviendo una costumbre: levantarme y recoger todo me toma su tiempo. Pero el caf\u00e9, en cambio, sabe cada d\u00eda mejor. Salgo tarde otra vez. El&hellip; M\u00e1s\" \/>\n<meta property=\"og:url\" content=\"https:\/\/footstepsoffreedom.nl\/es\/caminando-entre-amarillo-perfumado\/\" \/>\n<meta property=\"og:site_name\" content=\"FOOTSTEPS OF FREEDOM\" \/>\n<meta property=\"article:published_time\" content=\"2025-05-06T18:00:28+00:00\" \/>\n<meta property=\"article:modified_time\" content=\"2025-06-11T20:17:28+00:00\" \/>\n<meta property=\"og:image\" content=\"https:\/\/footstepsoffreedom.nl\/wp-content\/uploads\/2025\/05\/dag-6-koolzaad-fietser.jpeg\" \/>\n\t<meta property=\"og:image:width\" content=\"782\" \/>\n\t<meta property=\"og:image:height\" content=\"928\" \/>\n\t<meta property=\"og:image:type\" content=\"image\/jpeg\" \/>\n<meta name=\"author\" content=\"Marnix van der Lijn\" \/>\n<meta name=\"twitter:card\" content=\"summary_large_image\" \/>\n<meta name=\"twitter:label1\" content=\"Escrito por\" \/>\n\t<meta name=\"twitter:data1\" content=\"Marnix van der Lijn\" \/>\n\t<meta name=\"twitter:label2\" content=\"Tiempo de lectura\" \/>\n\t<meta name=\"twitter:data2\" content=\"3 minutos\" \/>\n<script type=\"application\/ld+json\" class=\"yoast-schema-graph\">{\"@context\":\"https:\\\/\\\/schema.org\",\"@graph\":[{\"@type\":\"Article\",\"@id\":\"https:\\\/\\\/footstepsoffreedom.nl\\\/es\\\/caminando-entre-amarillo-perfumado\\\/#article\",\"isPartOf\":{\"@id\":\"https:\\\/\\\/footstepsoffreedom.nl\\\/es\\\/caminando-entre-amarillo-perfumado\\\/\"},\"author\":{\"name\":\"Marnix van der Lijn\",\"@id\":\"https:\\\/\\\/footstepsoffreedom.nl\\\/es\\\/#\\\/schema\\\/person\\\/3378b8c210d8e714eabad2dc1764e0db\"},\"headline\":\"Caminando entre amarillo perfumado\",\"datePublished\":\"2025-05-06T18:00:28+00:00\",\"dateModified\":\"2025-06-11T20:17:28+00:00\",\"mainEntityOfPage\":{\"@id\":\"https:\\\/\\\/footstepsoffreedom.nl\\\/es\\\/caminando-entre-amarillo-perfumado\\\/\"},\"wordCount\":156,\"commentCount\":0,\"publisher\":{\"@id\":\"https:\\\/\\\/footstepsoffreedom.nl\\\/es\\\/#\\\/schema\\\/person\\\/3378b8c210d8e714eabad2dc1764e0db\"},\"image\":{\"@id\":\"https:\\\/\\\/footstepsoffreedom.nl\\\/es\\\/caminando-entre-amarillo-perfumado\\\/#primaryimage\"},\"thumbnailUrl\":\"https:\\\/\\\/footstepsoffreedom.nl\\\/wp-content\\\/uploads\\\/2025\\\/05\\\/dag-6-koolzaad-fietser.jpeg\",\"keywords\":[\"Acampada libre\",\"Blogs ESP\",\"Sab\u00e1tico 2024\",\"Saint Birgitta\",\"Suecia\"],\"articleSection\":[\"Blogs ESP\"],\"inLanguage\":\"es\",\"potentialAction\":[{\"@type\":\"CommentAction\",\"name\":\"Comment\",\"target\":[\"https:\\\/\\\/footstepsoffreedom.nl\\\/es\\\/caminando-entre-amarillo-perfumado\\\/#respond\"]}]},{\"@type\":\"WebPage\",\"@id\":\"https:\\\/\\\/footstepsoffreedom.nl\\\/es\\\/caminando-entre-amarillo-perfumado\\\/\",\"url\":\"https:\\\/\\\/footstepsoffreedom.nl\\\/es\\\/caminando-entre-amarillo-perfumado\\\/\",\"name\":\"Caminando entre amarillo perfumado - FOOTSTEPS OF FREEDOM\",\"isPartOf\":{\"@id\":\"https:\\\/\\\/footstepsoffreedom.nl\\\/es\\\/#website\"},\"primaryImageOfPage\":{\"@id\":\"https:\\\/\\\/footstepsoffreedom.nl\\\/es\\\/caminando-entre-amarillo-perfumado\\\/#primaryimage\"},\"image\":{\"@id\":\"https:\\\/\\\/footstepsoffreedom.nl\\\/es\\\/caminando-entre-amarillo-perfumado\\\/#primaryimage\"},\"thumbnailUrl\":\"https:\\\/\\\/footstepsoffreedom.nl\\\/wp-content\\\/uploads\\\/2025\\\/05\\\/dag-6-koolzaad-fietser.jpeg\",\"datePublished\":\"2025-05-06T18:00:28+00:00\",\"dateModified\":\"2025-06-11T20:17:28+00:00\",\"breadcrumb\":{\"@id\":\"https:\\\/\\\/footstepsoffreedom.nl\\\/es\\\/caminando-entre-amarillo-perfumado\\\/#breadcrumb\"},\"inLanguage\":\"es\",\"potentialAction\":[{\"@type\":\"ReadAction\",\"target\":[\"https:\\\/\\\/footstepsoffreedom.nl\\\/es\\\/caminando-entre-amarillo-perfumado\\\/\"]}]},{\"@type\":\"ImageObject\",\"inLanguage\":\"es\",\"@id\":\"https:\\\/\\\/footstepsoffreedom.nl\\\/es\\\/caminando-entre-amarillo-perfumado\\\/#primaryimage\",\"url\":\"https:\\\/\\\/footstepsoffreedom.nl\\\/wp-content\\\/uploads\\\/2025\\\/05\\\/dag-6-koolzaad-fietser.jpeg\",\"contentUrl\":\"https:\\\/\\\/footstepsoffreedom.nl\\\/wp-content\\\/uploads\\\/2025\\\/05\\\/dag-6-koolzaad-fietser.jpeg\",\"width\":782,\"height\":928},{\"@type\":\"BreadcrumbList\",\"@id\":\"https:\\\/\\\/footstepsoffreedom.nl\\\/es\\\/caminando-entre-amarillo-perfumado\\\/#breadcrumb\",\"itemListElement\":[{\"@type\":\"ListItem\",\"position\":1,\"name\":\"Home\",\"item\":\"https:\\\/\\\/footstepsoffreedom.nl\\\/es\\\/\"},{\"@type\":\"ListItem\",\"position\":2,\"name\":\"Caminando entre amarillo perfumado\"}]},{\"@type\":\"WebSite\",\"@id\":\"https:\\\/\\\/footstepsoffreedom.nl\\\/es\\\/#website\",\"url\":\"https:\\\/\\\/footstepsoffreedom.nl\\\/es\\\/\",\"name\":\"FOOTSTEPS OF FREEDOM\",\"description\":\"Hiking &amp; writing\",\"publisher\":{\"@id\":\"https:\\\/\\\/footstepsoffreedom.nl\\\/es\\\/#\\\/schema\\\/person\\\/3378b8c210d8e714eabad2dc1764e0db\"},\"potentialAction\":[{\"@type\":\"SearchAction\",\"target\":{\"@type\":\"EntryPoint\",\"urlTemplate\":\"https:\\\/\\\/footstepsoffreedom.nl\\\/es\\\/?s={search_term_string}\"},\"query-input\":{\"@type\":\"PropertyValueSpecification\",\"valueRequired\":true,\"valueName\":\"search_term_string\"}}],\"inLanguage\":\"es\"},{\"@type\":[\"Person\",\"Organization\"],\"@id\":\"https:\\\/\\\/footstepsoffreedom.nl\\\/es\\\/#\\\/schema\\\/person\\\/3378b8c210d8e714eabad2dc1764e0db\",\"name\":\"Marnix van der Lijn\",\"image\":{\"@type\":\"ImageObject\",\"inLanguage\":\"es\",\"@id\":\"https:\\\/\\\/footstepsoffreedom.nl\\\/wp-content\\\/uploads\\\/2025\\\/05\\\/logo_fof.svg\",\"url\":\"https:\\\/\\\/footstepsoffreedom.nl\\\/wp-content\\\/uploads\\\/2025\\\/05\\\/logo_fof.svg\",\"contentUrl\":\"https:\\\/\\\/footstepsoffreedom.nl\\\/wp-content\\\/uploads\\\/2025\\\/05\\\/logo_fof.svg\",\"width\":1160,\"height\":250,\"caption\":\"Marnix van der Lijn\"},\"logo\":{\"@id\":\"https:\\\/\\\/footstepsoffreedom.nl\\\/wp-content\\\/uploads\\\/2025\\\/05\\\/logo_fof.svg\"},\"description\":\"Ik ben Marnix (1964), schrijver, langeafstandswandelaar en minimalist in hart en nieren. Na een loopbaan in de commerci\u00eble wereld, coaching en training, en jarenlange inzet in de vluchtelingenopvang, koos ik op mijn zestigste voor een radicale wending: ik gaf mezelf een sabbatical en trok de wereld in \u2013 te voet. Wat begon als een plan om 10.000 kilometer door Europa te wandelen, groeide uit tot iets veel groters: een nieuwe manier van leven. In negen maanden legde ik meer dan 5.500 kilometer af, met alleen mijn tent, schrijfboek, wandelkar (die ik liefdevol \u2018Wheelie\u2019 noem) en mijn barefoot schoenen. Al lopend ontdekte ik dat dit mijn pad is: een nomadisch bestaan, schrijvend onderweg. Ik geloof in het ritme van de voeten, in eenvoud, traagheid en aanwezigheid. Reizen zonder haast, leven met weinig, en onderweg de verhalen vangen die zich aandienen. Mijn missie? De schoonheid van vertraging, vrijheid en verbondenheid tastbaar maken in woorden. Ik b\u00e9n onderweg. En daar voel ik me thuis.\",\"sameAs\":[\"https:\\\/\\\/footstepsoffreedom.nl\",\"https:\\\/\\\/www.instagram.com\\\/marnix_footsteps_of_freedom\\\/\"],\"url\":\"https:\\\/\\\/footstepsoffreedom.nl\\\/es\\\/author\\\/cheersmarnix\\\/\"}]}<\/script>\n<!-- \/ Yoast SEO plugin. -->","yoast_head_json":{"title":"Caminando entre amarillo perfumado - FOOTSTEPS OF FREEDOM","robots":{"index":"index","follow":"follow","max-snippet":"max-snippet:-1","max-image-preview":"max-image-preview:large","max-video-preview":"max-video-preview:-1"},"canonical":"https:\/\/footstepsoffreedom.nl\/es\/caminando-entre-amarillo-perfumado\/","og_locale":"es_ES","og_type":"article","og_title":"Caminando entre amarillo perfumado - FOOTSTEPS OF FREEDOM","og_description":"#recuerdo &#8211; 6 de Mayo de 2024 Ya se est\u00e1 volviendo una costumbre: levantarme y recoger todo me toma su tiempo. Pero el caf\u00e9, en cambio, sabe cada d\u00eda mejor. Salgo tarde otra vez. El&hellip; M\u00e1s","og_url":"https:\/\/footstepsoffreedom.nl\/es\/caminando-entre-amarillo-perfumado\/","og_site_name":"FOOTSTEPS OF FREEDOM","article_published_time":"2025-05-06T18:00:28+00:00","article_modified_time":"2025-06-11T20:17:28+00:00","og_image":[{"width":782,"height":928,"url":"https:\/\/footstepsoffreedom.nl\/wp-content\/uploads\/2025\/05\/dag-6-koolzaad-fietser.jpeg","type":"image\/jpeg"}],"author":"Marnix van der Lijn","twitter_card":"summary_large_image","twitter_misc":{"Escrito por":"Marnix van der Lijn","Tiempo de lectura":"3 minutos"},"schema":{"@context":"https:\/\/schema.org","@graph":[{"@type":"Article","@id":"https:\/\/footstepsoffreedom.nl\/es\/caminando-entre-amarillo-perfumado\/#article","isPartOf":{"@id":"https:\/\/footstepsoffreedom.nl\/es\/caminando-entre-amarillo-perfumado\/"},"author":{"name":"Marnix van der Lijn","@id":"https:\/\/footstepsoffreedom.nl\/es\/#\/schema\/person\/3378b8c210d8e714eabad2dc1764e0db"},"headline":"Caminando entre amarillo perfumado","datePublished":"2025-05-06T18:00:28+00:00","dateModified":"2025-06-11T20:17:28+00:00","mainEntityOfPage":{"@id":"https:\/\/footstepsoffreedom.nl\/es\/caminando-entre-amarillo-perfumado\/"},"wordCount":156,"commentCount":0,"publisher":{"@id":"https:\/\/footstepsoffreedom.nl\/es\/#\/schema\/person\/3378b8c210d8e714eabad2dc1764e0db"},"image":{"@id":"https:\/\/footstepsoffreedom.nl\/es\/caminando-entre-amarillo-perfumado\/#primaryimage"},"thumbnailUrl":"https:\/\/footstepsoffreedom.nl\/wp-content\/uploads\/2025\/05\/dag-6-koolzaad-fietser.jpeg","keywords":["Acampada libre","Blogs ESP","Sab\u00e1tico 2024","Saint Birgitta","Suecia"],"articleSection":["Blogs ESP"],"inLanguage":"es","potentialAction":[{"@type":"CommentAction","name":"Comment","target":["https:\/\/footstepsoffreedom.nl\/es\/caminando-entre-amarillo-perfumado\/#respond"]}]},{"@type":"WebPage","@id":"https:\/\/footstepsoffreedom.nl\/es\/caminando-entre-amarillo-perfumado\/","url":"https:\/\/footstepsoffreedom.nl\/es\/caminando-entre-amarillo-perfumado\/","name":"Caminando entre amarillo perfumado - FOOTSTEPS OF FREEDOM","isPartOf":{"@id":"https:\/\/footstepsoffreedom.nl\/es\/#website"},"primaryImageOfPage":{"@id":"https:\/\/footstepsoffreedom.nl\/es\/caminando-entre-amarillo-perfumado\/#primaryimage"},"image":{"@id":"https:\/\/footstepsoffreedom.nl\/es\/caminando-entre-amarillo-perfumado\/#primaryimage"},"thumbnailUrl":"https:\/\/footstepsoffreedom.nl\/wp-content\/uploads\/2025\/05\/dag-6-koolzaad-fietser.jpeg","datePublished":"2025-05-06T18:00:28+00:00","dateModified":"2025-06-11T20:17:28+00:00","breadcrumb":{"@id":"https:\/\/footstepsoffreedom.nl\/es\/caminando-entre-amarillo-perfumado\/#breadcrumb"},"inLanguage":"es","potentialAction":[{"@type":"ReadAction","target":["https:\/\/footstepsoffreedom.nl\/es\/caminando-entre-amarillo-perfumado\/"]}]},{"@type":"ImageObject","inLanguage":"es","@id":"https:\/\/footstepsoffreedom.nl\/es\/caminando-entre-amarillo-perfumado\/#primaryimage","url":"https:\/\/footstepsoffreedom.nl\/wp-content\/uploads\/2025\/05\/dag-6-koolzaad-fietser.jpeg","contentUrl":"https:\/\/footstepsoffreedom.nl\/wp-content\/uploads\/2025\/05\/dag-6-koolzaad-fietser.jpeg","width":782,"height":928},{"@type":"BreadcrumbList","@id":"https:\/\/footstepsoffreedom.nl\/es\/caminando-entre-amarillo-perfumado\/#breadcrumb","itemListElement":[{"@type":"ListItem","position":1,"name":"Home","item":"https:\/\/footstepsoffreedom.nl\/es\/"},{"@type":"ListItem","position":2,"name":"Caminando entre amarillo perfumado"}]},{"@type":"WebSite","@id":"https:\/\/footstepsoffreedom.nl\/es\/#website","url":"https:\/\/footstepsoffreedom.nl\/es\/","name":"FOOTSTEPS OF FREEDOM","description":"Hiking &amp; writing","publisher":{"@id":"https:\/\/footstepsoffreedom.nl\/es\/#\/schema\/person\/3378b8c210d8e714eabad2dc1764e0db"},"potentialAction":[{"@type":"SearchAction","target":{"@type":"EntryPoint","urlTemplate":"https:\/\/footstepsoffreedom.nl\/es\/?s={search_term_string}"},"query-input":{"@type":"PropertyValueSpecification","valueRequired":true,"valueName":"search_term_string"}}],"inLanguage":"es"},{"@type":["Person","Organization"],"@id":"https:\/\/footstepsoffreedom.nl\/es\/#\/schema\/person\/3378b8c210d8e714eabad2dc1764e0db","name":"Marnix van der Lijn","image":{"@type":"ImageObject","inLanguage":"es","@id":"https:\/\/footstepsoffreedom.nl\/wp-content\/uploads\/2025\/05\/logo_fof.svg","url":"https:\/\/footstepsoffreedom.nl\/wp-content\/uploads\/2025\/05\/logo_fof.svg","contentUrl":"https:\/\/footstepsoffreedom.nl\/wp-content\/uploads\/2025\/05\/logo_fof.svg","width":1160,"height":250,"caption":"Marnix van der Lijn"},"logo":{"@id":"https:\/\/footstepsoffreedom.nl\/wp-content\/uploads\/2025\/05\/logo_fof.svg"},"description":"Ik ben Marnix (1964), schrijver, langeafstandswandelaar en minimalist in hart en nieren. Na een loopbaan in de commerci\u00eble wereld, coaching en training, en jarenlange inzet in de vluchtelingenopvang, koos ik op mijn zestigste voor een radicale wending: ik gaf mezelf een sabbatical en trok de wereld in \u2013 te voet. Wat begon als een plan om 10.000 kilometer door Europa te wandelen, groeide uit tot iets veel groters: een nieuwe manier van leven. In negen maanden legde ik meer dan 5.500 kilometer af, met alleen mijn tent, schrijfboek, wandelkar (die ik liefdevol \u2018Wheelie\u2019 noem) en mijn barefoot schoenen. Al lopend ontdekte ik dat dit mijn pad is: een nomadisch bestaan, schrijvend onderweg. Ik geloof in het ritme van de voeten, in eenvoud, traagheid en aanwezigheid. Reizen zonder haast, leven met weinig, en onderweg de verhalen vangen die zich aandienen. Mijn missie? De schoonheid van vertraging, vrijheid en verbondenheid tastbaar maken in woorden. Ik b\u00e9n onderweg. En daar voel ik me thuis.","sameAs":["https:\/\/footstepsoffreedom.nl","https:\/\/www.instagram.com\/marnix_footsteps_of_freedom\/"],"url":"https:\/\/footstepsoffreedom.nl\/es\/author\/cheersmarnix\/"}]}},"jetpack_publicize_connections":[],"jetpack_featured_media_url":"https:\/\/footstepsoffreedom.nl\/wp-content\/uploads\/2025\/05\/dag-6-koolzaad-fietser.jpeg","jetpack_sharing_enabled":true,"jetpack-related-posts":[{"id":1589,"url":"https:\/\/footstepsoffreedom.nl\/en\/disillusionment-at-the-end-of-the-pilgrimage-route\/","url_meta":{"origin":246,"position":0},"title":"Disillusionment at the end of the pilgrimage route","author":"Marnix van der Lijn","date":"9 de junio de 2025","format":false,"excerpt":"#throwback - May 29, 2024 Soft rain falls during the night \u2014 such a lovely sound to fall asleep to. I find four ticks. Ugh. I\u2019m so glad I got vaccinated against the tick-borne virus that circulates here \u2014 different from the Lyme disease bacteria we have in the Netherlands,\u2026","rel":"","context":"En \u00abBlogs ENG\u00bb","block_context":{"text":"Blogs ENG","link":"https:\/\/footstepsoffreedom.nl\/en\/category\/blogs-en\/"},"img":{"alt_text":"","src":"https:\/\/i0.wp.com\/footstepsoffreedom.nl\/wp-content\/uploads\/2025\/06\/Dag-29-plafond-kerk.jpeg?resize=350%2C200&ssl=1","width":350,"height":200,"srcset":"https:\/\/i0.wp.com\/footstepsoffreedom.nl\/wp-content\/uploads\/2025\/06\/Dag-29-plafond-kerk.jpeg?resize=350%2C200&ssl=1 1x, https:\/\/i0.wp.com\/footstepsoffreedom.nl\/wp-content\/uploads\/2025\/06\/Dag-29-plafond-kerk.jpeg?resize=525%2C300&ssl=1 1.5x, https:\/\/i0.wp.com\/footstepsoffreedom.nl\/wp-content\/uploads\/2025\/06\/Dag-29-plafond-kerk.jpeg?resize=700%2C400&ssl=1 2x, https:\/\/i0.wp.com\/footstepsoffreedom.nl\/wp-content\/uploads\/2025\/06\/Dag-29-plafond-kerk.jpeg?resize=1050%2C600&ssl=1 3x"},"classes":[]}],"jetpack_likes_enabled":true,"_links":{"self":[{"href":"https:\/\/footstepsoffreedom.nl\/es\/wp-json\/wp\/v2\/posts\/246","targetHints":{"allow":["GET"]}}],"collection":[{"href":"https:\/\/footstepsoffreedom.nl\/es\/wp-json\/wp\/v2\/posts"}],"about":[{"href":"https:\/\/footstepsoffreedom.nl\/es\/wp-json\/wp\/v2\/types\/post"}],"author":[{"embeddable":true,"href":"https:\/\/footstepsoffreedom.nl\/es\/wp-json\/wp\/v2\/users\/2"}],"replies":[{"embeddable":true,"href":"https:\/\/footstepsoffreedom.nl\/es\/wp-json\/wp\/v2\/comments?post=246"}],"version-history":[{"count":6,"href":"https:\/\/footstepsoffreedom.nl\/es\/wp-json\/wp\/v2\/posts\/246\/revisions"}],"predecessor-version":[{"id":1653,"href":"https:\/\/footstepsoffreedom.nl\/es\/wp-json\/wp\/v2\/posts\/246\/revisions\/1653"}],"wp:featuredmedia":[{"embeddable":true,"href":"https:\/\/footstepsoffreedom.nl\/es\/wp-json\/wp\/v2\/media\/413"}],"wp:attachment":[{"href":"https:\/\/footstepsoffreedom.nl\/es\/wp-json\/wp\/v2\/media?parent=246"}],"wp:term":[{"taxonomy":"category","embeddable":true,"href":"https:\/\/footstepsoffreedom.nl\/es\/wp-json\/wp\/v2\/categories?post=246"},{"taxonomy":"post_tag","embeddable":true,"href":"https:\/\/footstepsoffreedom.nl\/es\/wp-json\/wp\/v2\/tags?post=246"}],"curies":[{"name":"wp","href":"https:\/\/api.w.org\/{rel}","templated":true}]}}