{"id":1811,"date":"2025-06-12T10:00:00","date_gmt":"2025-06-12T08:00:00","guid":{"rendered":"https:\/\/footstepsoffreedom.nl\/?p=1811"},"modified":"2025-06-12T06:43:35","modified_gmt":"2025-06-12T04:43:35","slug":"un-diez-con-estrella-dorada","status":"publish","type":"post","link":"https:\/\/footstepsoffreedom.nl\/es\/un-diez-con-estrella-dorada\/","title":{"rendered":"Un diez con estrella dorada"},"content":{"rendered":"\n<p>#recuerdo &#8211; 1 de junio de 2024<\/p>\n\n\n\n<p>A las siete de la ma\u00f1ana ya hace tanto calor en mi tienda que tengo que abrir la cremallera para que entre aire fresco. Me encanta el silencio, pero de vez en cuando me apetece escuchar m\u00fasica. Suele ser para intensificar una emoci\u00f3n que ya tengo dentro. La m\u00fasica me conmueve. Incluso se me escapan algunas l\u00e1grimas. Lo \u00fanico que siento es gratitud.<\/p>\n\n\n\n<p>Voy solo, pero me siento rodeado y profundamente apoyado por mis amigos. Qu\u00e9 tesoro tan inmenso es eso. Pienso mucho en ellos y est\u00e1n muy presentes. M\u00e1s que nunca me doy cuenta de lo importantes que son para m\u00ed, y de que con ellos puedo ser completamente yo, con todas mis rarezas y locuras.<\/p>\n\n\n\n<p>Mientras tanto, empiezan a pasar barquitos, y a diferencia de la mayor\u00eda de las personas que me cruzo caminando, todos me saludan. Un capit\u00e1n ingl\u00e9s sonriente incluso me grita desde su velero para preguntarme si he dormido bien. En ese momento todav\u00eda estoy tumbado en mi tienda, tomando un caf\u00e9 y mirando el agua. Y s\u00ed, he dormido de maravilla. Espl\u00e9ndidamente, de hecho.<\/p>\n\n\n\n<p>Esa sensaci\u00f3n intensa de felicidad y gratitud me acompa\u00f1a todo el d\u00eda. Gratitud por mis amigos, mis hijos, mis familiares, mi ex, mis compa\u00f1eros, la vida que llevo ahora. Con unas vacas y terneros cerca, monto mi cocina del d\u00eda. Un lugar id\u00edlico que no hace m\u00e1s que intensificar lo que siento.<\/p>\n\n\n\n<p>De repente, tengo como una especie de visi\u00f3n sobre el verdadero sentido de este viaje. Es todav\u00eda demasiado pronto y fr\u00e1gil para compartirlo \u2014 la idea necesita asentarse primero \u2014 pero \u00a1qu\u00e9 alegr\u00eda y entusiasmo me provoca!<\/p>\n\n\n\n<p>Poco despu\u00e9s, me entra un sue\u00f1o enorme. Y s\u00ed: hay un banco esper\u00e1ndome. Echo una siesta. Simplemente porque puedo. Y como colof\u00f3n final, duermo esa noche en una reserva natural, junto a un mirador de aves, y me regalan otra puesta de sol espectacular.<\/p>\n\n\n\n<p>\u00bfEste d\u00eda? Un diez con estrella dorada.<\/p>\n\n\n\n<div class=\"wp-block-jetpack-tiled-gallery aligncenter is-style-rectangular\"><div class=\"\"><div class=\"tiled-gallery__gallery\"><div class=\"tiled-gallery__row\"><div class=\"tiled-gallery__col\" style=\"flex-basis:39.00079%\"><figure class=\"tiled-gallery__item\"><img decoding=\"async\" role=\"button\" tabindex=\"0\" aria-label=\"Abrir la imagen 1 de 11 en pantalla completa\"srcset=\"https:\/\/i0.wp.com\/footstepsoffreedom.nl\/wp-content\/uploads\/2025\/06\/dag-32-slapen-langs-kanaal-1024x768.jpeg?strip=info&#038;w=600&#038;ssl=1 600w,https:\/\/i0.wp.com\/footstepsoffreedom.nl\/wp-content\/uploads\/2025\/06\/dag-32-slapen-langs-kanaal-1024x768.jpeg?strip=info&#038;w=900&#038;ssl=1 900w,https:\/\/i0.wp.com\/footstepsoffreedom.nl\/wp-content\/uploads\/2025\/06\/dag-32-slapen-langs-kanaal-1024x768.jpeg?strip=info&#038;w=1200&#038;ssl=1 1200w,https:\/\/i0.wp.com\/footstepsoffreedom.nl\/wp-content\/uploads\/2025\/06\/dag-32-slapen-langs-kanaal-1024x768.jpeg?strip=info&#038;w=1500&#038;ssl=1 1500w,https:\/\/i0.wp.com\/footstepsoffreedom.nl\/wp-content\/uploads\/2025\/06\/dag-32-slapen-langs-kanaal-1024x768.jpeg?strip=info&#038;w=1600&#038;ssl=1 1600w\" alt=\"\" data-height=\"1200\" data-id=\"1817\" data-link=\"https:\/\/footstepsoffreedom.nl\/?attachment_id=1817\" data-url=\"https:\/\/footstepsoffreedom.nl\/wp-content\/uploads\/2025\/06\/dag-32-slapen-langs-kanaal-1024x768.jpeg\" data-width=\"1600\" src=\"https:\/\/i0.wp.com\/footstepsoffreedom.nl\/wp-content\/uploads\/2025\/06\/dag-32-slapen-langs-kanaal-1024x768.jpeg?ssl=1\" data-amp-layout=\"responsive\" tabindex=\"0\" role=\"button\" aria-label=\"Afbeelding 1 of 11 op volledig scherm openen\"\/><\/figure><\/div><div class=\"tiled-gallery__col\" style=\"flex-basis:21.99841%\"><figure class=\"tiled-gallery__item\"><img decoding=\"async\" role=\"button\" tabindex=\"0\" aria-label=\"Abrir la imagen 2 de 11 en pantalla completa\"srcset=\"https:\/\/i0.wp.com\/footstepsoffreedom.nl\/wp-content\/uploads\/2025\/06\/dag-32-lopen-langs-kanaal-768x1024.jpeg?strip=info&#038;w=600&#038;ssl=1 600w,https:\/\/i0.wp.com\/footstepsoffreedom.nl\/wp-content\/uploads\/2025\/06\/dag-32-lopen-langs-kanaal-768x1024.jpeg?strip=info&#038;w=900&#038;ssl=1 900w,https:\/\/i0.wp.com\/footstepsoffreedom.nl\/wp-content\/uploads\/2025\/06\/dag-32-lopen-langs-kanaal-768x1024.jpeg?strip=info&#038;w=1200&#038;ssl=1 1200w\" alt=\"\" data-height=\"1600\" data-id=\"1820\" data-link=\"https:\/\/footstepsoffreedom.nl\/?attachment_id=1820\" data-url=\"https:\/\/footstepsoffreedom.nl\/wp-content\/uploads\/2025\/06\/dag-32-lopen-langs-kanaal-768x1024.jpeg\" data-width=\"1200\" src=\"https:\/\/i0.wp.com\/footstepsoffreedom.nl\/wp-content\/uploads\/2025\/06\/dag-32-lopen-langs-kanaal-768x1024.jpeg?ssl=1\" data-amp-layout=\"responsive\" tabindex=\"0\" role=\"button\" aria-label=\"Afbeelding 2 of 11 op volledig scherm openen\"\/><\/figure><\/div><div class=\"tiled-gallery__col\" style=\"flex-basis:39.00079%\"><figure class=\"tiled-gallery__item\"><img decoding=\"async\" role=\"button\" tabindex=\"0\" aria-label=\"Abrir la imagen 3 de 11 en pantalla completa\"srcset=\"https:\/\/i0.wp.com\/footstepsoffreedom.nl\/wp-content\/uploads\/2025\/06\/dag-32-langs-kanaal-1024x768.jpeg?strip=info&#038;w=600&#038;ssl=1 600w,https:\/\/i0.wp.com\/footstepsoffreedom.nl\/wp-content\/uploads\/2025\/06\/dag-32-langs-kanaal-1024x768.jpeg?strip=info&#038;w=900&#038;ssl=1 900w,https:\/\/i0.wp.com\/footstepsoffreedom.nl\/wp-content\/uploads\/2025\/06\/dag-32-langs-kanaal-1024x768.jpeg?strip=info&#038;w=1200&#038;ssl=1 1200w,https:\/\/i0.wp.com\/footstepsoffreedom.nl\/wp-content\/uploads\/2025\/06\/dag-32-langs-kanaal-1024x768.jpeg?strip=info&#038;w=1500&#038;ssl=1 1500w,https:\/\/i0.wp.com\/footstepsoffreedom.nl\/wp-content\/uploads\/2025\/06\/dag-32-langs-kanaal-1024x768.jpeg?strip=info&#038;w=1600&#038;ssl=1 1600w\" alt=\"\" data-height=\"1200\" data-id=\"1822\" data-link=\"https:\/\/footstepsoffreedom.nl\/?attachment_id=1822\" data-url=\"https:\/\/footstepsoffreedom.nl\/wp-content\/uploads\/2025\/06\/dag-32-langs-kanaal-1024x768.jpeg\" data-width=\"1600\" src=\"https:\/\/i0.wp.com\/footstepsoffreedom.nl\/wp-content\/uploads\/2025\/06\/dag-32-langs-kanaal-1024x768.jpeg?ssl=1\" data-amp-layout=\"responsive\" tabindex=\"0\" role=\"button\" aria-label=\"Afbeelding 3 of 11 op volledig scherm openen\"\/><\/figure><\/div><\/div><div class=\"tiled-gallery__row\"><div class=\"tiled-gallery__col\" style=\"flex-basis:63.96477%\"><figure class=\"tiled-gallery__item\"><img decoding=\"async\" role=\"button\" tabindex=\"0\" aria-label=\"Abrir la imagen 4 de 11 en pantalla completa\"srcset=\"https:\/\/i0.wp.com\/footstepsoffreedom.nl\/wp-content\/uploads\/2025\/06\/dag-32-lente-1024x768.jpeg?strip=info&#038;w=600&#038;ssl=1 600w,https:\/\/i0.wp.com\/footstepsoffreedom.nl\/wp-content\/uploads\/2025\/06\/dag-32-lente-1024x768.jpeg?strip=info&#038;w=900&#038;ssl=1 900w,https:\/\/i0.wp.com\/footstepsoffreedom.nl\/wp-content\/uploads\/2025\/06\/dag-32-lente-1024x768.jpeg?strip=info&#038;w=1200&#038;ssl=1 1200w,https:\/\/i0.wp.com\/footstepsoffreedom.nl\/wp-content\/uploads\/2025\/06\/dag-32-lente-1024x768.jpeg?strip=info&#038;w=1500&#038;ssl=1 1500w,https:\/\/i0.wp.com\/footstepsoffreedom.nl\/wp-content\/uploads\/2025\/06\/dag-32-lente-1024x768.jpeg?strip=info&#038;w=1600&#038;ssl=1 1600w\" alt=\"\" data-height=\"1200\" data-id=\"1821\" data-link=\"https:\/\/footstepsoffreedom.nl\/?attachment_id=1821\" data-url=\"https:\/\/footstepsoffreedom.nl\/wp-content\/uploads\/2025\/06\/dag-32-lente-1024x768.jpeg\" data-width=\"1600\" src=\"https:\/\/i0.wp.com\/footstepsoffreedom.nl\/wp-content\/uploads\/2025\/06\/dag-32-lente-1024x768.jpeg?ssl=1\" data-amp-layout=\"responsive\" tabindex=\"0\" role=\"button\" aria-label=\"Afbeelding 4 of 11 op volledig scherm openen\"\/><\/figure><\/div><div class=\"tiled-gallery__col\" style=\"flex-basis:36.03523%\"><figure class=\"tiled-gallery__item\"><img decoding=\"async\" role=\"button\" tabindex=\"0\" aria-label=\"Abrir la imagen 5 de 11 en pantalla completa\"srcset=\"https:\/\/i0.wp.com\/footstepsoffreedom.nl\/wp-content\/uploads\/2025\/06\/dag-32-sluis-768x1024.jpeg?strip=info&#038;w=600&#038;ssl=1 600w,https:\/\/i0.wp.com\/footstepsoffreedom.nl\/wp-content\/uploads\/2025\/06\/dag-32-sluis-768x1024.jpeg?strip=info&#038;w=900&#038;ssl=1 900w,https:\/\/i0.wp.com\/footstepsoffreedom.nl\/wp-content\/uploads\/2025\/06\/dag-32-sluis-768x1024.jpeg?strip=info&#038;w=1200&#038;ssl=1 1200w\" alt=\"\" data-height=\"1600\" data-id=\"1816\" data-link=\"https:\/\/footstepsoffreedom.nl\/?attachment_id=1816\" data-url=\"https:\/\/footstepsoffreedom.nl\/wp-content\/uploads\/2025\/06\/dag-32-sluis-768x1024.jpeg\" data-width=\"1200\" src=\"https:\/\/i0.wp.com\/footstepsoffreedom.nl\/wp-content\/uploads\/2025\/06\/dag-32-sluis-768x1024.jpeg?ssl=1\" data-amp-layout=\"responsive\" tabindex=\"0\" role=\"button\" aria-label=\"Afbeelding 5 of 11 op volledig scherm openen\"\/><\/figure><\/div><\/div><div class=\"tiled-gallery__row\"><div class=\"tiled-gallery__col\" style=\"flex-basis:15.39254%\"><figure class=\"tiled-gallery__item\"><img decoding=\"async\" role=\"button\" tabindex=\"0\" aria-label=\"Abrir la imagen 6 de 11 en pantalla completa\"srcset=\"https:\/\/i0.wp.com\/footstepsoffreedom.nl\/wp-content\/uploads\/2025\/06\/dag-32-bloemetjes-473x1024.jpeg?strip=info&#038;w=600&#038;ssl=1 600w,https:\/\/i0.wp.com\/footstepsoffreedom.nl\/wp-content\/uploads\/2025\/06\/dag-32-bloemetjes-473x1024.jpeg?strip=info&#038;w=739&#038;ssl=1 739w\" alt=\"\" data-height=\"1600\" data-id=\"1824\" data-link=\"https:\/\/footstepsoffreedom.nl\/?attachment_id=1824\" data-url=\"https:\/\/footstepsoffreedom.nl\/wp-content\/uploads\/2025\/06\/dag-32-bloemetjes-473x1024.jpeg\" data-width=\"739\" src=\"https:\/\/i0.wp.com\/footstepsoffreedom.nl\/wp-content\/uploads\/2025\/06\/dag-32-bloemetjes-473x1024.jpeg?ssl=1\" data-amp-layout=\"responsive\" tabindex=\"0\" role=\"button\" aria-label=\"Afbeelding 6 of 11 op volledig scherm openen\"\/><\/figure><\/div><div class=\"tiled-gallery__col\" style=\"flex-basis:44.26193%\"><figure class=\"tiled-gallery__item\"><img decoding=\"async\" role=\"button\" tabindex=\"0\" aria-label=\"Abrir la imagen 7 de 11 en pantalla completa\"srcset=\"https:\/\/i0.wp.com\/footstepsoffreedom.nl\/wp-content\/uploads\/2025\/06\/dag-32-cruise-1024x768.jpeg?strip=info&#038;w=600&#038;ssl=1 600w,https:\/\/i0.wp.com\/footstepsoffreedom.nl\/wp-content\/uploads\/2025\/06\/dag-32-cruise-1024x768.jpeg?strip=info&#038;w=900&#038;ssl=1 900w,https:\/\/i0.wp.com\/footstepsoffreedom.nl\/wp-content\/uploads\/2025\/06\/dag-32-cruise-1024x768.jpeg?strip=info&#038;w=1200&#038;ssl=1 1200w,https:\/\/i0.wp.com\/footstepsoffreedom.nl\/wp-content\/uploads\/2025\/06\/dag-32-cruise-1024x768.jpeg?strip=info&#038;w=1500&#038;ssl=1 1500w,https:\/\/i0.wp.com\/footstepsoffreedom.nl\/wp-content\/uploads\/2025\/06\/dag-32-cruise-1024x768.jpeg?strip=info&#038;w=1600&#038;ssl=1 1600w\" alt=\"\" data-height=\"1200\" data-id=\"1823\" data-link=\"https:\/\/footstepsoffreedom.nl\/?attachment_id=1823\" data-url=\"https:\/\/footstepsoffreedom.nl\/wp-content\/uploads\/2025\/06\/dag-32-cruise-1024x768.jpeg\" data-width=\"1600\" src=\"https:\/\/i0.wp.com\/footstepsoffreedom.nl\/wp-content\/uploads\/2025\/06\/dag-32-cruise-1024x768.jpeg?ssl=1\" data-amp-layout=\"responsive\" tabindex=\"0\" role=\"button\" aria-label=\"Afbeelding 7 of 11 op volledig scherm openen\"\/><\/figure><\/div><div class=\"tiled-gallery__col\" style=\"flex-basis:15.39254%\"><figure class=\"tiled-gallery__item\"><img decoding=\"async\" role=\"button\" tabindex=\"0\" aria-label=\"Abrir la imagen 8 de 11 en pantalla completa\"srcset=\"https:\/\/i0.wp.com\/footstepsoffreedom.nl\/wp-content\/uploads\/2025\/06\/dag-32-moeder-en-kind-473x1024.jpeg?strip=info&#038;w=600&#038;ssl=1 600w,https:\/\/i0.wp.com\/footstepsoffreedom.nl\/wp-content\/uploads\/2025\/06\/dag-32-moeder-en-kind-473x1024.jpeg?strip=info&#038;w=739&#038;ssl=1 739w\" alt=\"\" data-height=\"1600\" data-id=\"1819\" data-link=\"https:\/\/footstepsoffreedom.nl\/?attachment_id=1819\" data-url=\"https:\/\/footstepsoffreedom.nl\/wp-content\/uploads\/2025\/06\/dag-32-moeder-en-kind-473x1024.jpeg\" data-width=\"739\" src=\"https:\/\/i0.wp.com\/footstepsoffreedom.nl\/wp-content\/uploads\/2025\/06\/dag-32-moeder-en-kind-473x1024.jpeg?ssl=1\" data-amp-layout=\"responsive\" tabindex=\"0\" role=\"button\" aria-label=\"Afbeelding 8 of 11 op volledig scherm openen\"\/><\/figure><\/div><div class=\"tiled-gallery__col\" style=\"flex-basis:24.95299%\"><figure class=\"tiled-gallery__item\"><img decoding=\"async\" role=\"button\" tabindex=\"0\" aria-label=\"Abrir la imagen 9 de 11 en pantalla completa\"srcset=\"https:\/\/i0.wp.com\/footstepsoffreedom.nl\/wp-content\/uploads\/2025\/06\/dag-32-siesta-768x1024.jpeg?strip=info&#038;w=600&#038;ssl=1 600w,https:\/\/i0.wp.com\/footstepsoffreedom.nl\/wp-content\/uploads\/2025\/06\/dag-32-siesta-768x1024.jpeg?strip=info&#038;w=900&#038;ssl=1 900w,https:\/\/i0.wp.com\/footstepsoffreedom.nl\/wp-content\/uploads\/2025\/06\/dag-32-siesta-768x1024.jpeg?strip=info&#038;w=1200&#038;ssl=1 1200w\" alt=\"\" data-height=\"1599\" data-id=\"1818\" data-link=\"https:\/\/footstepsoffreedom.nl\/?attachment_id=1818\" data-url=\"https:\/\/footstepsoffreedom.nl\/wp-content\/uploads\/2025\/06\/dag-32-siesta-768x1024.jpeg\" data-width=\"1200\" src=\"https:\/\/i0.wp.com\/footstepsoffreedom.nl\/wp-content\/uploads\/2025\/06\/dag-32-siesta-768x1024.jpeg?ssl=1\" data-amp-layout=\"responsive\" tabindex=\"0\" role=\"button\" aria-label=\"Afbeelding 9 of 11 op volledig scherm openen\"\/><\/figure><\/div><\/div><div class=\"tiled-gallery__row\"><div class=\"tiled-gallery__col\" style=\"flex-basis:57.34975%\"><figure class=\"tiled-gallery__item\"><img decoding=\"async\" role=\"button\" tabindex=\"0\" aria-label=\"Abrir la imagen 10 de 11 en pantalla completa\"srcset=\"https:\/\/i0.wp.com\/footstepsoffreedom.nl\/wp-content\/uploads\/2025\/06\/dag-32-vogelreservaat-768x1024.jpeg?strip=info&#038;w=600&#038;ssl=1 600w,https:\/\/i0.wp.com\/footstepsoffreedom.nl\/wp-content\/uploads\/2025\/06\/dag-32-vogelreservaat-768x1024.jpeg?strip=info&#038;w=900&#038;ssl=1 900w,https:\/\/i0.wp.com\/footstepsoffreedom.nl\/wp-content\/uploads\/2025\/06\/dag-32-vogelreservaat-768x1024.jpeg?strip=info&#038;w=1200&#038;ssl=1 1200w\" alt=\"\" data-height=\"1600\" data-id=\"1815\" data-link=\"https:\/\/footstepsoffreedom.nl\/?attachment_id=1815\" data-url=\"https:\/\/footstepsoffreedom.nl\/wp-content\/uploads\/2025\/06\/dag-32-vogelreservaat-768x1024.jpeg\" data-width=\"1200\" src=\"https:\/\/i0.wp.com\/footstepsoffreedom.nl\/wp-content\/uploads\/2025\/06\/dag-32-vogelreservaat-768x1024.jpeg?ssl=1\" data-amp-layout=\"responsive\" tabindex=\"0\" role=\"button\" aria-label=\"Afbeelding 10 of 11 op volledig scherm openen\"\/><\/figure><\/div><div class=\"tiled-gallery__col\" style=\"flex-basis:42.65025%\"><figure class=\"tiled-gallery__item\"><img decoding=\"async\" role=\"button\" tabindex=\"0\" aria-label=\"Abrir la imagen 11 de 11 en pantalla completa\"srcset=\"https:\/\/i0.wp.com\/footstepsoffreedom.nl\/wp-content\/uploads\/2025\/06\/dag-32-zonsondergang-571x1024.jpeg?strip=info&#038;w=600&#038;ssl=1 600w,https:\/\/i0.wp.com\/footstepsoffreedom.nl\/wp-content\/uploads\/2025\/06\/dag-32-zonsondergang-571x1024.jpeg?strip=info&#038;w=892&#038;ssl=1 892w\" alt=\"\" data-height=\"1600\" data-id=\"1813\" data-link=\"https:\/\/footstepsoffreedom.nl\/?attachment_id=1813\" data-url=\"https:\/\/footstepsoffreedom.nl\/wp-content\/uploads\/2025\/06\/dag-32-zonsondergang-571x1024.jpeg\" data-width=\"892\" src=\"https:\/\/i0.wp.com\/footstepsoffreedom.nl\/wp-content\/uploads\/2025\/06\/dag-32-zonsondergang-571x1024.jpeg?ssl=1\" data-amp-layout=\"responsive\" tabindex=\"0\" role=\"button\" aria-label=\"Afbeelding 11 of 11 op volledig scherm openen\"\/><\/figure><\/div><\/div><\/div><\/div><\/div>\n","protected":false},"excerpt":{"rendered":"<p>#recuerdo &#8211; 1 de junio de 2024 A las siete de la ma\u00f1ana ya hace tanto calor en mi tienda que tengo que abrir la cremallera para que entre aire fresco. Me encanta el silencio,&hellip; <a href=\"https:\/\/footstepsoffreedom.nl\/es\/un-diez-con-estrella-dorada\/\">M\u00e1s<\/a><\/p>\n","protected":false},"author":2,"featured_media":1814,"comment_status":"open","ping_status":"open","sticky":false,"template":"","format":"standard","meta":{"inline_featured_image":false,"jetpack_post_was_ever_published":false,"_jetpack_newsletter_access":"","_jetpack_dont_email_post_to_subs":false,"_jetpack_newsletter_tier_id":0,"_jetpack_memberships_contains_paywalled_content":false,"_jetpack_memberships_contains_paid_content":false,"footnotes":"","jetpack_publicize_message":"","jetpack_publicize_feature_enabled":true,"jetpack_social_post_already_shared":true,"jetpack_social_options":{"image_generator_settings":{"template":"highway","default_image_id":0,"font":"","enabled":false},"version":2}},"categories":[11],"tags":[123,166,100,201,57],"class_list":["post-1811","post","type-post","status-publish","format-standard","has-post-thumbnail","hentry","category-blogs-es","tag-acampada-libre","tag-blogs-esp","tag-sabatico-2024","tag-saint-birgitta","tag-suecia"],"yoast_head":"<!-- This site is optimized with the Yoast SEO plugin v27.5 - https:\/\/yoast.com\/product\/yoast-seo-wordpress\/ -->\n<title>Un diez con estrella dorada - FOOTSTEPS OF FREEDOM<\/title>\n<meta name=\"robots\" content=\"index, follow, max-snippet:-1, max-image-preview:large, max-video-preview:-1\" \/>\n<link rel=\"canonical\" href=\"https:\/\/footstepsoffreedom.nl\/es\/un-diez-con-estrella-dorada\/\" \/>\n<meta property=\"og:locale\" content=\"es_ES\" \/>\n<meta property=\"og:type\" content=\"article\" \/>\n<meta property=\"og:title\" content=\"Un diez con estrella dorada - FOOTSTEPS OF FREEDOM\" \/>\n<meta property=\"og:description\" content=\"#recuerdo &#8211; 1 de junio de 2024 A las siete de la ma\u00f1ana ya hace tanto calor en mi tienda que tengo que abrir la cremallera para que entre aire fresco. Me encanta el silencio,&hellip; M\u00e1s\" \/>\n<meta property=\"og:url\" content=\"https:\/\/footstepsoffreedom.nl\/es\/un-diez-con-estrella-dorada\/\" \/>\n<meta property=\"og:site_name\" content=\"FOOTSTEPS OF FREEDOM\" \/>\n<meta property=\"article:published_time\" content=\"2025-06-12T08:00:00+00:00\" \/>\n<meta property=\"og:image\" content=\"https:\/\/footstepsoffreedom.nl\/wp-content\/uploads\/2025\/06\/dag-32-zon-onder.jpeg\" \/>\n\t<meta property=\"og:image:width\" content=\"1600\" \/>\n\t<meta property=\"og:image:height\" content=\"1200\" \/>\n\t<meta property=\"og:image:type\" content=\"image\/jpeg\" \/>\n<meta name=\"author\" content=\"Marnix van der Lijn\" \/>\n<meta name=\"twitter:card\" content=\"summary_large_image\" \/>\n<meta name=\"twitter:label1\" content=\"Escrito por\" \/>\n\t<meta name=\"twitter:data1\" content=\"Marnix van der Lijn\" \/>\n\t<meta name=\"twitter:label2\" content=\"Tiempo de lectura\" \/>\n\t<meta name=\"twitter:data2\" content=\"5 minutos\" \/>\n<script type=\"application\/ld+json\" class=\"yoast-schema-graph\">{\"@context\":\"https:\\\/\\\/schema.org\",\"@graph\":[{\"@type\":\"Article\",\"@id\":\"https:\\\/\\\/footstepsoffreedom.nl\\\/es\\\/un-diez-con-estrella-dorada\\\/#article\",\"isPartOf\":{\"@id\":\"https:\\\/\\\/footstepsoffreedom.nl\\\/es\\\/un-diez-con-estrella-dorada\\\/\"},\"author\":{\"name\":\"Marnix van der Lijn\",\"@id\":\"https:\\\/\\\/footstepsoffreedom.nl\\\/es\\\/#\\\/schema\\\/person\\\/3378b8c210d8e714eabad2dc1764e0db\"},\"headline\":\"Un diez con estrella dorada\",\"datePublished\":\"2025-06-12T08:00:00+00:00\",\"mainEntityOfPage\":{\"@id\":\"https:\\\/\\\/footstepsoffreedom.nl\\\/es\\\/un-diez-con-estrella-dorada\\\/\"},\"wordCount\":356,\"commentCount\":0,\"publisher\":{\"@id\":\"https:\\\/\\\/footstepsoffreedom.nl\\\/es\\\/#\\\/schema\\\/person\\\/3378b8c210d8e714eabad2dc1764e0db\"},\"image\":{\"@id\":\"https:\\\/\\\/footstepsoffreedom.nl\\\/es\\\/un-diez-con-estrella-dorada\\\/#primaryimage\"},\"thumbnailUrl\":\"https:\\\/\\\/footstepsoffreedom.nl\\\/wp-content\\\/uploads\\\/2025\\\/06\\\/dag-32-zon-onder.jpeg\",\"keywords\":[\"Acampada libre\",\"Blogs ESP\",\"Sab\u00e1tico 2024\",\"Saint Birgitta\",\"Suecia\"],\"articleSection\":[\"Blogs ESP\"],\"inLanguage\":\"es\",\"potentialAction\":[{\"@type\":\"CommentAction\",\"name\":\"Comment\",\"target\":[\"https:\\\/\\\/footstepsoffreedom.nl\\\/es\\\/un-diez-con-estrella-dorada\\\/#respond\"]}]},{\"@type\":\"WebPage\",\"@id\":\"https:\\\/\\\/footstepsoffreedom.nl\\\/es\\\/un-diez-con-estrella-dorada\\\/\",\"url\":\"https:\\\/\\\/footstepsoffreedom.nl\\\/es\\\/un-diez-con-estrella-dorada\\\/\",\"name\":\"Un diez con estrella dorada - FOOTSTEPS OF FREEDOM\",\"isPartOf\":{\"@id\":\"https:\\\/\\\/footstepsoffreedom.nl\\\/es\\\/#website\"},\"primaryImageOfPage\":{\"@id\":\"https:\\\/\\\/footstepsoffreedom.nl\\\/es\\\/un-diez-con-estrella-dorada\\\/#primaryimage\"},\"image\":{\"@id\":\"https:\\\/\\\/footstepsoffreedom.nl\\\/es\\\/un-diez-con-estrella-dorada\\\/#primaryimage\"},\"thumbnailUrl\":\"https:\\\/\\\/footstepsoffreedom.nl\\\/wp-content\\\/uploads\\\/2025\\\/06\\\/dag-32-zon-onder.jpeg\",\"datePublished\":\"2025-06-12T08:00:00+00:00\",\"breadcrumb\":{\"@id\":\"https:\\\/\\\/footstepsoffreedom.nl\\\/es\\\/un-diez-con-estrella-dorada\\\/#breadcrumb\"},\"inLanguage\":\"es\",\"potentialAction\":[{\"@type\":\"ReadAction\",\"target\":[\"https:\\\/\\\/footstepsoffreedom.nl\\\/es\\\/un-diez-con-estrella-dorada\\\/\"]}]},{\"@type\":\"ImageObject\",\"inLanguage\":\"es\",\"@id\":\"https:\\\/\\\/footstepsoffreedom.nl\\\/es\\\/un-diez-con-estrella-dorada\\\/#primaryimage\",\"url\":\"https:\\\/\\\/footstepsoffreedom.nl\\\/wp-content\\\/uploads\\\/2025\\\/06\\\/dag-32-zon-onder.jpeg\",\"contentUrl\":\"https:\\\/\\\/footstepsoffreedom.nl\\\/wp-content\\\/uploads\\\/2025\\\/06\\\/dag-32-zon-onder.jpeg\",\"width\":1600,\"height\":1200},{\"@type\":\"BreadcrumbList\",\"@id\":\"https:\\\/\\\/footstepsoffreedom.nl\\\/es\\\/un-diez-con-estrella-dorada\\\/#breadcrumb\",\"itemListElement\":[{\"@type\":\"ListItem\",\"position\":1,\"name\":\"Home\",\"item\":\"https:\\\/\\\/footstepsoffreedom.nl\\\/es\\\/\"},{\"@type\":\"ListItem\",\"position\":2,\"name\":\"Un diez con estrella dorada\"}]},{\"@type\":\"WebSite\",\"@id\":\"https:\\\/\\\/footstepsoffreedom.nl\\\/es\\\/#website\",\"url\":\"https:\\\/\\\/footstepsoffreedom.nl\\\/es\\\/\",\"name\":\"FOOTSTEPS OF FREEDOM\",\"description\":\"Hiking &amp; writing\",\"publisher\":{\"@id\":\"https:\\\/\\\/footstepsoffreedom.nl\\\/es\\\/#\\\/schema\\\/person\\\/3378b8c210d8e714eabad2dc1764e0db\"},\"potentialAction\":[{\"@type\":\"SearchAction\",\"target\":{\"@type\":\"EntryPoint\",\"urlTemplate\":\"https:\\\/\\\/footstepsoffreedom.nl\\\/es\\\/?s={search_term_string}\"},\"query-input\":{\"@type\":\"PropertyValueSpecification\",\"valueRequired\":true,\"valueName\":\"search_term_string\"}}],\"inLanguage\":\"es\"},{\"@type\":[\"Person\",\"Organization\"],\"@id\":\"https:\\\/\\\/footstepsoffreedom.nl\\\/es\\\/#\\\/schema\\\/person\\\/3378b8c210d8e714eabad2dc1764e0db\",\"name\":\"Marnix van der Lijn\",\"image\":{\"@type\":\"ImageObject\",\"inLanguage\":\"es\",\"@id\":\"https:\\\/\\\/footstepsoffreedom.nl\\\/wp-content\\\/uploads\\\/2025\\\/05\\\/logo_fof.svg\",\"url\":\"https:\\\/\\\/footstepsoffreedom.nl\\\/wp-content\\\/uploads\\\/2025\\\/05\\\/logo_fof.svg\",\"contentUrl\":\"https:\\\/\\\/footstepsoffreedom.nl\\\/wp-content\\\/uploads\\\/2025\\\/05\\\/logo_fof.svg\",\"width\":1160,\"height\":250,\"caption\":\"Marnix van der Lijn\"},\"logo\":{\"@id\":\"https:\\\/\\\/footstepsoffreedom.nl\\\/wp-content\\\/uploads\\\/2025\\\/05\\\/logo_fof.svg\"},\"description\":\"Ik ben Marnix (1964), schrijver, langeafstandswandelaar en minimalist in hart en nieren. Na een loopbaan in de commerci\u00eble wereld, coaching en training, en jarenlange inzet in de vluchtelingenopvang, koos ik op mijn zestigste voor een radicale wending: ik gaf mezelf een sabbatical en trok de wereld in \u2013 te voet. Wat begon als een plan om 10.000 kilometer door Europa te wandelen, groeide uit tot iets veel groters: een nieuwe manier van leven. In negen maanden legde ik meer dan 5.500 kilometer af, met alleen mijn tent, schrijfboek, wandelkar (die ik liefdevol \u2018Wheelie\u2019 noem) en mijn barefoot schoenen. Al lopend ontdekte ik dat dit mijn pad is: een nomadisch bestaan, schrijvend onderweg. Ik geloof in het ritme van de voeten, in eenvoud, traagheid en aanwezigheid. Reizen zonder haast, leven met weinig, en onderweg de verhalen vangen die zich aandienen. Mijn missie? De schoonheid van vertraging, vrijheid en verbondenheid tastbaar maken in woorden. Ik b\u00e9n onderweg. En daar voel ik me thuis.\",\"sameAs\":[\"https:\\\/\\\/footstepsoffreedom.nl\",\"https:\\\/\\\/www.instagram.com\\\/marnix_footsteps_of_freedom\\\/\"],\"url\":\"https:\\\/\\\/footstepsoffreedom.nl\\\/es\\\/author\\\/cheersmarnix\\\/\"}]}<\/script>\n<!-- \/ Yoast SEO plugin. -->","yoast_head_json":{"title":"Un diez con estrella dorada - FOOTSTEPS OF FREEDOM","robots":{"index":"index","follow":"follow","max-snippet":"max-snippet:-1","max-image-preview":"max-image-preview:large","max-video-preview":"max-video-preview:-1"},"canonical":"https:\/\/footstepsoffreedom.nl\/es\/un-diez-con-estrella-dorada\/","og_locale":"es_ES","og_type":"article","og_title":"Un diez con estrella dorada - FOOTSTEPS OF FREEDOM","og_description":"#recuerdo &#8211; 1 de junio de 2024 A las siete de la ma\u00f1ana ya hace tanto calor en mi tienda que tengo que abrir la cremallera para que entre aire fresco. Me encanta el silencio,&hellip; M\u00e1s","og_url":"https:\/\/footstepsoffreedom.nl\/es\/un-diez-con-estrella-dorada\/","og_site_name":"FOOTSTEPS OF FREEDOM","article_published_time":"2025-06-12T08:00:00+00:00","og_image":[{"width":1600,"height":1200,"url":"https:\/\/footstepsoffreedom.nl\/wp-content\/uploads\/2025\/06\/dag-32-zon-onder.jpeg","type":"image\/jpeg"}],"author":"Marnix van der Lijn","twitter_card":"summary_large_image","twitter_misc":{"Escrito por":"Marnix van der Lijn","Tiempo de lectura":"5 minutos"},"schema":{"@context":"https:\/\/schema.org","@graph":[{"@type":"Article","@id":"https:\/\/footstepsoffreedom.nl\/es\/un-diez-con-estrella-dorada\/#article","isPartOf":{"@id":"https:\/\/footstepsoffreedom.nl\/es\/un-diez-con-estrella-dorada\/"},"author":{"name":"Marnix van der Lijn","@id":"https:\/\/footstepsoffreedom.nl\/es\/#\/schema\/person\/3378b8c210d8e714eabad2dc1764e0db"},"headline":"Un diez con estrella dorada","datePublished":"2025-06-12T08:00:00+00:00","mainEntityOfPage":{"@id":"https:\/\/footstepsoffreedom.nl\/es\/un-diez-con-estrella-dorada\/"},"wordCount":356,"commentCount":0,"publisher":{"@id":"https:\/\/footstepsoffreedom.nl\/es\/#\/schema\/person\/3378b8c210d8e714eabad2dc1764e0db"},"image":{"@id":"https:\/\/footstepsoffreedom.nl\/es\/un-diez-con-estrella-dorada\/#primaryimage"},"thumbnailUrl":"https:\/\/footstepsoffreedom.nl\/wp-content\/uploads\/2025\/06\/dag-32-zon-onder.jpeg","keywords":["Acampada libre","Blogs ESP","Sab\u00e1tico 2024","Saint Birgitta","Suecia"],"articleSection":["Blogs ESP"],"inLanguage":"es","potentialAction":[{"@type":"CommentAction","name":"Comment","target":["https:\/\/footstepsoffreedom.nl\/es\/un-diez-con-estrella-dorada\/#respond"]}]},{"@type":"WebPage","@id":"https:\/\/footstepsoffreedom.nl\/es\/un-diez-con-estrella-dorada\/","url":"https:\/\/footstepsoffreedom.nl\/es\/un-diez-con-estrella-dorada\/","name":"Un diez con estrella dorada - FOOTSTEPS OF FREEDOM","isPartOf":{"@id":"https:\/\/footstepsoffreedom.nl\/es\/#website"},"primaryImageOfPage":{"@id":"https:\/\/footstepsoffreedom.nl\/es\/un-diez-con-estrella-dorada\/#primaryimage"},"image":{"@id":"https:\/\/footstepsoffreedom.nl\/es\/un-diez-con-estrella-dorada\/#primaryimage"},"thumbnailUrl":"https:\/\/footstepsoffreedom.nl\/wp-content\/uploads\/2025\/06\/dag-32-zon-onder.jpeg","datePublished":"2025-06-12T08:00:00+00:00","breadcrumb":{"@id":"https:\/\/footstepsoffreedom.nl\/es\/un-diez-con-estrella-dorada\/#breadcrumb"},"inLanguage":"es","potentialAction":[{"@type":"ReadAction","target":["https:\/\/footstepsoffreedom.nl\/es\/un-diez-con-estrella-dorada\/"]}]},{"@type":"ImageObject","inLanguage":"es","@id":"https:\/\/footstepsoffreedom.nl\/es\/un-diez-con-estrella-dorada\/#primaryimage","url":"https:\/\/footstepsoffreedom.nl\/wp-content\/uploads\/2025\/06\/dag-32-zon-onder.jpeg","contentUrl":"https:\/\/footstepsoffreedom.nl\/wp-content\/uploads\/2025\/06\/dag-32-zon-onder.jpeg","width":1600,"height":1200},{"@type":"BreadcrumbList","@id":"https:\/\/footstepsoffreedom.nl\/es\/un-diez-con-estrella-dorada\/#breadcrumb","itemListElement":[{"@type":"ListItem","position":1,"name":"Home","item":"https:\/\/footstepsoffreedom.nl\/es\/"},{"@type":"ListItem","position":2,"name":"Un diez con estrella dorada"}]},{"@type":"WebSite","@id":"https:\/\/footstepsoffreedom.nl\/es\/#website","url":"https:\/\/footstepsoffreedom.nl\/es\/","name":"FOOTSTEPS OF FREEDOM","description":"Hiking &amp; writing","publisher":{"@id":"https:\/\/footstepsoffreedom.nl\/es\/#\/schema\/person\/3378b8c210d8e714eabad2dc1764e0db"},"potentialAction":[{"@type":"SearchAction","target":{"@type":"EntryPoint","urlTemplate":"https:\/\/footstepsoffreedom.nl\/es\/?s={search_term_string}"},"query-input":{"@type":"PropertyValueSpecification","valueRequired":true,"valueName":"search_term_string"}}],"inLanguage":"es"},{"@type":["Person","Organization"],"@id":"https:\/\/footstepsoffreedom.nl\/es\/#\/schema\/person\/3378b8c210d8e714eabad2dc1764e0db","name":"Marnix van der Lijn","image":{"@type":"ImageObject","inLanguage":"es","@id":"https:\/\/footstepsoffreedom.nl\/wp-content\/uploads\/2025\/05\/logo_fof.svg","url":"https:\/\/footstepsoffreedom.nl\/wp-content\/uploads\/2025\/05\/logo_fof.svg","contentUrl":"https:\/\/footstepsoffreedom.nl\/wp-content\/uploads\/2025\/05\/logo_fof.svg","width":1160,"height":250,"caption":"Marnix van der Lijn"},"logo":{"@id":"https:\/\/footstepsoffreedom.nl\/wp-content\/uploads\/2025\/05\/logo_fof.svg"},"description":"Ik ben Marnix (1964), schrijver, langeafstandswandelaar en minimalist in hart en nieren. Na een loopbaan in de commerci\u00eble wereld, coaching en training, en jarenlange inzet in de vluchtelingenopvang, koos ik op mijn zestigste voor een radicale wending: ik gaf mezelf een sabbatical en trok de wereld in \u2013 te voet. Wat begon als een plan om 10.000 kilometer door Europa te wandelen, groeide uit tot iets veel groters: een nieuwe manier van leven. In negen maanden legde ik meer dan 5.500 kilometer af, met alleen mijn tent, schrijfboek, wandelkar (die ik liefdevol \u2018Wheelie\u2019 noem) en mijn barefoot schoenen. Al lopend ontdekte ik dat dit mijn pad is: een nomadisch bestaan, schrijvend onderweg. Ik geloof in het ritme van de voeten, in eenvoud, traagheid en aanwezigheid. Reizen zonder haast, leven met weinig, en onderweg de verhalen vangen die zich aandienen. Mijn missie? De schoonheid van vertraging, vrijheid en verbondenheid tastbaar maken in woorden. Ik b\u00e9n onderweg. En daar voel ik me thuis.","sameAs":["https:\/\/footstepsoffreedom.nl","https:\/\/www.instagram.com\/marnix_footsteps_of_freedom\/"],"url":"https:\/\/footstepsoffreedom.nl\/es\/author\/cheersmarnix\/"}]}},"jetpack_publicize_connections":[],"jetpack_featured_media_url":"https:\/\/footstepsoffreedom.nl\/wp-content\/uploads\/2025\/06\/dag-32-zon-onder.jpeg","jetpack_sharing_enabled":true,"jetpack-related-posts":[{"id":1589,"url":"https:\/\/footstepsoffreedom.nl\/en\/disillusionment-at-the-end-of-the-pilgrimage-route\/","url_meta":{"origin":1811,"position":0},"title":"Disillusionment at the end of the pilgrimage route","author":"Marnix van der Lijn","date":"9 de junio de 2025","format":false,"excerpt":"#throwback - May 29, 2024 Soft rain falls during the night \u2014 such a lovely sound to fall asleep to. I find four ticks. Ugh. I\u2019m so glad I got vaccinated against the tick-borne virus that circulates here \u2014 different from the Lyme disease bacteria we have in the Netherlands,\u2026","rel":"","context":"En \u00abBlogs ENG\u00bb","block_context":{"text":"Blogs ENG","link":"https:\/\/footstepsoffreedom.nl\/en\/category\/blogs-en\/"},"img":{"alt_text":"","src":"https:\/\/i0.wp.com\/footstepsoffreedom.nl\/wp-content\/uploads\/2025\/06\/Dag-29-plafond-kerk.jpeg?resize=350%2C200&ssl=1","width":350,"height":200,"srcset":"https:\/\/i0.wp.com\/footstepsoffreedom.nl\/wp-content\/uploads\/2025\/06\/Dag-29-plafond-kerk.jpeg?resize=350%2C200&ssl=1 1x, https:\/\/i0.wp.com\/footstepsoffreedom.nl\/wp-content\/uploads\/2025\/06\/Dag-29-plafond-kerk.jpeg?resize=525%2C300&ssl=1 1.5x, https:\/\/i0.wp.com\/footstepsoffreedom.nl\/wp-content\/uploads\/2025\/06\/Dag-29-plafond-kerk.jpeg?resize=700%2C400&ssl=1 2x, https:\/\/i0.wp.com\/footstepsoffreedom.nl\/wp-content\/uploads\/2025\/06\/Dag-29-plafond-kerk.jpeg?resize=1050%2C600&ssl=1 3x"},"classes":[]},{"id":2260,"url":"https:\/\/footstepsoffreedom.nl\/en\/the-great-magic-trick-and-other-bumps-on-the-road-to-belgrade\/","url_meta":{"origin":1811,"position":1},"title":"The great magic trick and other bumps on the road to Belgrade","author":"Marnix van der Lijn","date":"24 de marzo de 2026","format":false,"excerpt":"How is the journey from Budapest to Belgrade on the Sultans Trail? Discover the challenges with a hiking trailer, customs troubles, and first impressions of Serbia in this blog.","rel":"","context":"En \u00abBlogs ENG\u00bb","block_context":{"text":"Blogs ENG","link":"https:\/\/footstepsoffreedom.nl\/en\/category\/blogs-en\/"},"img":{"alt_text":"Sultans Trail Hungary - Serbia Border","src":"https:\/\/i0.wp.com\/footstepsoffreedom.nl\/wp-content\/uploads\/2026\/03\/WhatsApp-Image-2026-03-24-at-17.12.23.jpeg?resize=350%2C200&ssl=1","width":350,"height":200,"srcset":"https:\/\/i0.wp.com\/footstepsoffreedom.nl\/wp-content\/uploads\/2026\/03\/WhatsApp-Image-2026-03-24-at-17.12.23.jpeg?resize=350%2C200&ssl=1 1x, https:\/\/i0.wp.com\/footstepsoffreedom.nl\/wp-content\/uploads\/2026\/03\/WhatsApp-Image-2026-03-24-at-17.12.23.jpeg?resize=525%2C300&ssl=1 1.5x, https:\/\/i0.wp.com\/footstepsoffreedom.nl\/wp-content\/uploads\/2026\/03\/WhatsApp-Image-2026-03-24-at-17.12.23.jpeg?resize=700%2C400&ssl=1 2x, https:\/\/i0.wp.com\/footstepsoffreedom.nl\/wp-content\/uploads\/2026\/03\/WhatsApp-Image-2026-03-24-at-17.12.23.jpeg?resize=1050%2C600&ssl=1 3x"},"classes":[]},{"id":2747,"url":"https:\/\/footstepsoffreedom.nl\/en\/a-night-of-horror-blood-and-thorns-my-difficult-departure-from-belgrade\/","url_meta":{"origin":1811,"position":2},"title":"A night of horror, blood, and thorns: my difficult departure from Belgrade","author":"Marnix van der Lijn","date":"25 de marzo de 2026","format":false,"excerpt":"Day 4: The Sultans Trail from Belgrade to Sofia #throwback September 8, 2025 Horror night in the hostel Listen and shudder\u2014the life of a hiker isn't always a bed of roses. Or maybe it is; roses have nasty thorns, and I had plenty of those today. Literally and figuratively. Starting\u2026","rel":"","context":"En \u00abBlogs ENG\u00bb","block_context":{"text":"Blogs ENG","link":"https:\/\/footstepsoffreedom.nl\/en\/category\/blogs-en\/"},"img":{"alt_text":"Church of Saint Sava in Belgrade","src":"https:\/\/i0.wp.com\/footstepsoffreedom.nl\/wp-content\/uploads\/2026\/03\/WhatsApp-Image-2026-03-25-at-17.18.36-1.jpeg?resize=350%2C200&ssl=1","width":350,"height":200,"srcset":"https:\/\/i0.wp.com\/footstepsoffreedom.nl\/wp-content\/uploads\/2026\/03\/WhatsApp-Image-2026-03-25-at-17.18.36-1.jpeg?resize=350%2C200&ssl=1 1x, https:\/\/i0.wp.com\/footstepsoffreedom.nl\/wp-content\/uploads\/2026\/03\/WhatsApp-Image-2026-03-25-at-17.18.36-1.jpeg?resize=525%2C300&ssl=1 1.5x, https:\/\/i0.wp.com\/footstepsoffreedom.nl\/wp-content\/uploads\/2026\/03\/WhatsApp-Image-2026-03-25-at-17.18.36-1.jpeg?resize=700%2C400&ssl=1 2x, https:\/\/i0.wp.com\/footstepsoffreedom.nl\/wp-content\/uploads\/2026\/03\/WhatsApp-Image-2026-03-25-at-17.18.36-1.jpeg?resize=1050%2C600&ssl=1 3x"},"classes":[]},{"id":248,"url":"https:\/\/footstepsoffreedom.nl\/en\/walking-through-fragrant-yellow\/","url_meta":{"origin":1811,"position":3},"title":"Walking through fragrant yellow","author":"Marnix van der Lijn","date":"6 de mayo de 2025","format":false,"excerpt":"#throwback - May 6, 2024 It\u2019s becoming a bit of a routine now\u2014getting up and packing takes time. But the coffee, on the other hand, tastes better each day. Once again, I hit the trail late. The day starts off rough, with a chilly wind, but by the end of\u2026","rel":"","context":"En \u00abBlogs ENG\u00bb","block_context":{"text":"Blogs ENG","link":"https:\/\/footstepsoffreedom.nl\/en\/category\/blogs-en\/"},"img":{"alt_text":"","src":"https:\/\/i0.wp.com\/footstepsoffreedom.nl\/wp-content\/uploads\/2025\/05\/dag-6-koolzaad-fietser.jpeg?resize=350%2C200&ssl=1","width":350,"height":200,"srcset":"https:\/\/i0.wp.com\/footstepsoffreedom.nl\/wp-content\/uploads\/2025\/05\/dag-6-koolzaad-fietser.jpeg?resize=350%2C200&ssl=1 1x, https:\/\/i0.wp.com\/footstepsoffreedom.nl\/wp-content\/uploads\/2025\/05\/dag-6-koolzaad-fietser.jpeg?resize=525%2C300&ssl=1 1.5x, https:\/\/i0.wp.com\/footstepsoffreedom.nl\/wp-content\/uploads\/2025\/05\/dag-6-koolzaad-fietser.jpeg?resize=700%2C400&ssl=1 2x"},"classes":[]},{"id":180,"url":"https:\/\/footstepsoffreedom.nl\/en\/finally-hitting-the-road\/","url_meta":{"origin":1811,"position":4},"title":"Finally hitting the road!","author":"Marnix van der Lijn","date":"1 de mayo de 2025","format":false,"excerpt":"#throwback - May 1, 2024The day has come \u2014 May 1st, 2024. Finally, it\u2019s happening. My big journey is about to begin. I\u2019ve taken a year-long sabbatical and I\u2019m planning to walk across Europe for a whole year. You really don\u2019t need to go far to see beautiful things. My\u2026","rel":"","context":"En \u00abBlogs ENG\u00bb","block_context":{"text":"Blogs ENG","link":"https:\/\/footstepsoffreedom.nl\/en\/category\/blogs-en\/"},"img":{"alt_text":"","src":"https:\/\/i0.wp.com\/footstepsoffreedom.nl\/wp-content\/uploads\/2025\/05\/4b518f32-1797-450d-b674-20e7f06e3c03-e1746735730756.jpeg?resize=350%2C200&ssl=1","width":350,"height":200},"classes":[]},{"id":183,"url":"https:\/\/footstepsoffreedom.nl\/en\/wandering-through-copenhagen\/","url_meta":{"origin":1811,"position":5},"title":"Wandering through Copenhagen","author":"Marnix van der Lijn","date":"2 de mayo de 2025","format":false,"excerpt":"#throwback - May 2, 2024 I arrive in Copenhagen at 9:30 a.m. Slept little to none, but who cares. The weather is amazing \u2014 19 degrees Celcius and full-on sunshine. I\u2019ve got the whole day to explore this brand new city. Plenty to see. I\u2019d found a nice walking route\u2026","rel":"","context":"En \u00abBlogs ENG\u00bb","block_context":{"text":"Blogs ENG","link":"https:\/\/footstepsoffreedom.nl\/en\/category\/blogs-en\/"},"img":{"alt_text":"","src":"https:\/\/i0.wp.com\/footstepsoffreedom.nl\/wp-content\/uploads\/2025\/05\/Dag-2-Kopenhagen-e1746736165750.jpeg?resize=350%2C200&ssl=1","width":350,"height":200,"srcset":"https:\/\/i0.wp.com\/footstepsoffreedom.nl\/wp-content\/uploads\/2025\/05\/Dag-2-Kopenhagen-e1746736165750.jpeg?resize=350%2C200&ssl=1 1x, https:\/\/i0.wp.com\/footstepsoffreedom.nl\/wp-content\/uploads\/2025\/05\/Dag-2-Kopenhagen-e1746736165750.jpeg?resize=525%2C300&ssl=1 1.5x"},"classes":[]}],"jetpack_likes_enabled":true,"_links":{"self":[{"href":"https:\/\/footstepsoffreedom.nl\/es\/wp-json\/wp\/v2\/posts\/1811","targetHints":{"allow":["GET"]}}],"collection":[{"href":"https:\/\/footstepsoffreedom.nl\/es\/wp-json\/wp\/v2\/posts"}],"about":[{"href":"https:\/\/footstepsoffreedom.nl\/es\/wp-json\/wp\/v2\/types\/post"}],"author":[{"embeddable":true,"href":"https:\/\/footstepsoffreedom.nl\/es\/wp-json\/wp\/v2\/users\/2"}],"replies":[{"embeddable":true,"href":"https:\/\/footstepsoffreedom.nl\/es\/wp-json\/wp\/v2\/comments?post=1811"}],"version-history":[{"count":2,"href":"https:\/\/footstepsoffreedom.nl\/es\/wp-json\/wp\/v2\/posts\/1811\/revisions"}],"predecessor-version":[{"id":1827,"href":"https:\/\/footstepsoffreedom.nl\/es\/wp-json\/wp\/v2\/posts\/1811\/revisions\/1827"}],"wp:featuredmedia":[{"embeddable":true,"href":"https:\/\/footstepsoffreedom.nl\/es\/wp-json\/wp\/v2\/media\/1814"}],"wp:attachment":[{"href":"https:\/\/footstepsoffreedom.nl\/es\/wp-json\/wp\/v2\/media?parent=1811"}],"wp:term":[{"taxonomy":"category","embeddable":true,"href":"https:\/\/footstepsoffreedom.nl\/es\/wp-json\/wp\/v2\/categories?post=1811"},{"taxonomy":"post_tag","embeddable":true,"href":"https:\/\/footstepsoffreedom.nl\/es\/wp-json\/wp\/v2\/tags?post=1811"}],"curies":[{"name":"wp","href":"https:\/\/api.w.org\/{rel}","templated":true}]}}